{"id":1774,"date":"2021-09-30T16:50:13","date_gmt":"2021-09-30T19:50:13","guid":{"rendered":"https:\/\/focotocantinense.com.br\/?p=1774"},"modified":"2021-09-30T16:52:58","modified_gmt":"2021-09-30T19:52:58","slug":"espetaculo-teatral-em-busca-do-pequi-dourado-e-transformado-em-livro","status":"publish","type":"post","link":"https:\/\/focotocantinense.com.br\/?p=1774","title":{"rendered":"Espet\u00e1culo teatral \u201cEm busca do Pequi Dourado\u201d \u00e9 transformado em livro"},"content":{"rendered":"\n<p><em><strong>Por Zacarias Martins<\/strong><\/em><\/p>\n\n\n\n<p>Pela Editora Veloso, de Gurupi, j\u00e1 est\u00e1 dispon\u00edvel o livro \u201c<strong><em>Em busca do Pequi Dourado<\/em><\/strong>\u201d. Trata-se de &nbsp;uma obra dramat\u00fargica que nasceu a partir de uma cria\u00e7\u00e3o de espet\u00e1culo pelo Grupo Motir\u00f5 de Teatro, em Gurupi, tendo sido contemplada por Edital de Literatura lan\u00e7ado pela Ag\u00eancia do Desenvolvimento do Turismo, Cultura e Economia Criativa (Adetuc), por meio da Lei Aldir Blanc, com recursos do Governo Federal, por meio do Minist\u00e9rio do Turismo\/Secretaria Especial da Cultura.<\/p>\n\n\n\n<p><strong>Montagem suspensa<\/strong><\/p>\n\n\n\n<p>A proponente do projeto, a atriz Letticia Japiass\u00fa, explica que o &nbsp;&nbsp;espet\u00e1culo teve sua montagem suspensa devido a pandemia, e foi nesse per\u00edodo de pausa que surgiu o projeto que foi aprovado pela Lei de apoio \u00e0 cultura Aldir Blanc, de uma pe\u00e7a autoral do grupo para um livro f\u00edsico de literatura infanto-juvenil.<\/p>\n\n\n\n<p><strong>Comicidade<\/strong><\/p>\n\n\n\n<p>A obra apresenta a comicidade popular em um contexto cultural de um Tocantins estilo regionalista e de faroeste, de drama e com\u00e9dia, com mocinhos e vil\u00f5es, em retrato de oprimidos e opressores que vivem em um cen\u00e1rio de seca em pleno cerrado do Jalap\u00e3o. E que, somente encontrando o fruto do pequi, poder\u00e3o trazer chuva e prosperidade para regi\u00e3o da imagin\u00e1ria Capim Dourado City.<\/p>\n\n\n\n<p><strong>Distribui\u00e7\u00e3o<\/strong><\/p>\n\n\n\n<p>Letticia J\u00e1piass\u00fa&nbsp; informa que &nbsp;grande parte do livro publicado est\u00e1 sendo doada &nbsp;s \u00e0s&nbsp; bibliotecas de escolas da Rede Estadual de Educa\u00e7\u00e3o,&nbsp; demais &nbsp;Institui\u00e7\u00f5es p\u00fablicas e comunit\u00e1rias,&nbsp; &nbsp;de forma a contemplar alunos, jovens e artistas com uma obra de autoria regional. J\u00e1 uma pequena parte dispon\u00edvel, foi colocada \u00e0 venda como meio de propagar a obra para outros grupos de montagem e de apoio e manuten\u00e7\u00e3o ao Grupo Motir\u00f5 que estiveram na produ\u00e7\u00e3o da dramaturgia.<\/p>\n\n\n\n<p><strong>Cria\u00e7\u00e3o coletiva<\/strong><\/p>\n\n\n\n<p>&#8220;Buscamos trazer uma composi\u00e7\u00e3o singular e criativa, que pudesse unir a pe\u00e7a com o&nbsp;<em>Lettering&nbsp;<\/em>(arte de desenhar letras) e as ilustra\u00e7\u00f5es. Tudo criado pelos integrantes do nosso grupo\u201d, destaca Lett\u00edcia Japiass\u00fa.<\/p>\n\n\n\n<p><strong>Elenco<\/strong><\/p>\n\n\n\n<p>No elenco do espet\u00e1culo teatral \u201c<strong><em>Em busca do Pequi Dourado<\/em><\/strong>\u201d est\u00e3o Fernando Fran\u00e7a (diretor e dramaturgo) e os atores Adriana Mendon\u00e7a (Madame Serra Machado), Leonardo Santos (Xerife), Raimundo Oliveira&nbsp; (Beto Chambari), Rom\u00e1rio Cosme&nbsp; (Colombiano), Letticia J\u00e1piass\u00fa&nbsp; (Caliandra) e Thaynara Oliveira (Chuveiro Sempre Viva). Guilherme Vieira assina a sonoplastia do espet\u00e1culo.<\/p>\n\n\n\n<figure class=\"wp-block-image\"><img decoding=\"async\" src=\"http:\/\/n1to.com.br\/img\/uploads\/Foto_2_teatro.jpg\" alt=\"\"\/><\/figure>\n\n\n\n<figure class=\"wp-block-image\"><img decoding=\"async\" src=\"http:\/\/n1to.com.br\/img\/uploads\/FOTO_3_TEATRO.jpg\" alt=\"\"\/><\/figure>\n\n\n\n<figure class=\"wp-block-image\"><img decoding=\"async\" src=\"https:\/\/www.n1to.com.br\/img\/cache\/800x400\/80\/crop\/Imagem-352bc1a0a548d6f2ec3243115ab83e0c.jpg\" alt=\"\"\/><\/figure>\n\n\n\n<figure class=\"wp-block-image\"><img decoding=\"async\" src=\"http:\/\/n1to.com.br\/img\/uploads\/veloso_banner_10.jpeg\" alt=\"\"\/><\/figure>\n","protected":false},"excerpt":{"rendered":"<p>Por Zacarias Martins Pela Editora Veloso, de Gurupi, j\u00e1 est\u00e1 dispon\u00edvel o livro \u201cEm busca do Pequi Dourado\u201d. Trata-se de &nbsp;uma obra dramat\u00fargica que nasceu a partir de uma cria\u00e7\u00e3o de espet\u00e1culo pelo Grupo Motir\u00f5 de Teatro, em Gurupi, tendo sido contemplada por Edital de Literatura lan\u00e7ado pela Ag\u00eancia do Desenvolvimento do Turismo, Cultura e &hellip;<\/p>\n","protected":false},"author":5,"featured_media":1777,"comment_status":"open","ping_status":"open","sticky":false,"template":"","format":"standard","meta":{"footnotes":""},"categories":[1],"tags":[],"class_list":["post-1774","post","type-post","status-publish","format-standard","has-post-thumbnail","","category-sem-categoria"],"_links":{"self":[{"href":"https:\/\/focotocantinense.com.br\/index.php?rest_route=\/wp\/v2\/posts\/1774","targetHints":{"allow":["GET"]}}],"collection":[{"href":"https:\/\/focotocantinense.com.br\/index.php?rest_route=\/wp\/v2\/posts"}],"about":[{"href":"https:\/\/focotocantinense.com.br\/index.php?rest_route=\/wp\/v2\/types\/post"}],"author":[{"embeddable":true,"href":"https:\/\/focotocantinense.com.br\/index.php?rest_route=\/wp\/v2\/users\/5"}],"replies":[{"embeddable":true,"href":"https:\/\/focotocantinense.com.br\/index.php?rest_route=%2Fwp%2Fv2%2Fcomments&post=1774"}],"version-history":[{"count":2,"href":"https:\/\/focotocantinense.com.br\/index.php?rest_route=\/wp\/v2\/posts\/1774\/revisions"}],"predecessor-version":[{"id":1776,"href":"https:\/\/focotocantinense.com.br\/index.php?rest_route=\/wp\/v2\/posts\/1774\/revisions\/1776"}],"wp:featuredmedia":[{"embeddable":true,"href":"https:\/\/focotocantinense.com.br\/index.php?rest_route=\/wp\/v2\/media\/1777"}],"wp:attachment":[{"href":"https:\/\/focotocantinense.com.br\/index.php?rest_route=%2Fwp%2Fv2%2Fmedia&parent=1774"}],"wp:term":[{"taxonomy":"category","embeddable":true,"href":"https:\/\/focotocantinense.com.br\/index.php?rest_route=%2Fwp%2Fv2%2Fcategories&post=1774"},{"taxonomy":"post_tag","embeddable":true,"href":"https:\/\/focotocantinense.com.br\/index.php?rest_route=%2Fwp%2Fv2%2Ftags&post=1774"}],"curies":[{"name":"wp","href":"https:\/\/api.w.org\/{rel}","templated":true}]}}