{"id":1771,"date":"2021-09-28T16:42:59","date_gmt":"2021-09-28T19:42:59","guid":{"rendered":"https:\/\/focotocantinense.com.br\/?p=1771"},"modified":"2021-09-28T16:44:13","modified_gmt":"2021-09-28T19:44:13","slug":"tocantinia-promove-formacao-continuada-para-professores-que-atuam-na-educacao-indigena","status":"publish","type":"post","link":"https:\/\/focotocantinense.com.br\/?p=1771","title":{"rendered":"Tocant\u00ednia promove forma\u00e7\u00e3o continuada para professores que atuam na educa\u00e7\u00e3o ind\u00edgena"},"content":{"rendered":"\n<p><strong>Por Zacarias Martins<\/strong><\/p>\n\n\n\n<p>A Prefeitura de Tocant\u00ednia, por meio da Secretaria Municipal de Educa\u00e7\u00e3o, em parceria com a empresa Farol do Saber realiza a partir desta ter\u00e7a-feira, 28 de setembro at\u00e9 o dia 1\u00ba de outubro, mais uma forma\u00e7\u00e3o continuada de professores da Rede Municipal de Educa\u00e7\u00e3o, voltada, especialmente, para o ensino ind\u00edgena&nbsp; da comunidade Xerente. A forma\u00e7\u00e3o acontece no audit\u00f3rio do Col\u00e9gio Batista de Tocant\u00ednia.<\/p>\n\n\n\n<p>Neste primeiro dia da forma\u00e7\u00e3o, a professora Judite Elizabeth de Freitas Dall\u2019Agnol,&nbsp; abordar\u00e1&nbsp; o tema \u201cTrabalhando a BNCC na Educa\u00e7\u00e3o Infantil alinhada ao contexto da cultura ind\u00edgena Akw\u00ea\/Xerente\u201d Judite Elisabeth possui Licenciatura e Bacharelado em Psicologia, e \u00e9 Especialista Educacional em M\u00e9todos&nbsp; e T\u00e9cnicas de Ensino e em Gest\u00e3o escolar.<\/p>\n\n\n\n<p>Com&nbsp; Licenciatura em geografia e pedagogia Especializa\u00e7\u00e3o em Gest\u00e3o Escolar, Psicopedagogia e EAD, Mestranda em Ci\u00eancias da Educa\u00e7\u00e3o, a professora&nbsp; Alessandra Nunes Escobar Oliveira, participa dessa forma\u00e7\u00e3o na quarta-feira, dia 29, abordando o tema: \u201cPlanejamento na Educa\u00e7\u00e3o Infantil Ind\u00edgena&nbsp; Akw\u00ea\/Xerente.<\/p>\n\n\n\n<p>Na quinta-feira (30), acontece uma Oficina de confec\u00e7\u00e3o de brinquedos n\u00e3o estruturados, preservando os saberes da cultura ind\u00edgena Akw\u00ea\/Xerente, cujo oficineiro ser\u00e1 o professor Armando S\u00f5pre Xerente, Ele possui Licenciatura em Educa\u00e7\u00e3o Intercultural e \u00e9 Mestre em teoria em an\u00e1lise lingu\u00edstica.<\/p>\n\n\n\n<p>Finalizando as atividades dessa forma\u00e7\u00e3o, na sexta-feira, dia 1\u00ba, o tema abordado ser\u00e1 Protocolos de biosseguran\u00e7a, com a professora Aldizia Carneiro de Ara\u00fajo. Ela \u00e9 graduada em Hist\u00f3ria e Pedagogia, com especializa\u00e7\u00e3o em Gest\u00e3o Educacional, Tecnologias na Educa\u00e7\u00e3o r Metodologias de Ensino, al\u00e9m de ser Mestre em educa\u00e7\u00e3o.<\/p>\n\n\n\n<p><strong>Educa\u00e7\u00e3o de qualidade<\/strong><\/p>\n\n\n\n<p>O secret\u00e1rio de Educa\u00e7\u00e3o de Tocant\u00ednia, Andr\u00e9 Goveia, destaca que essa forma\u00e7\u00e3o de professores \u00e9 mais uma forma de garantir uma Educa\u00e7\u00e3o de qualidade para todos em Tocant\u00ednia, incluindo, tamb\u00e9m, a comunidade ind\u00edgena&nbsp; Xerente, atendendo assim, a uma determina\u00e7\u00e3o do prefeito Manoel Silvino que n\u00e3o tem medido esfor\u00e7os para buscar mecanismos que possibilitem aos professores da Rede Municipal de Educa\u00e7\u00e3o fortalecer seus conhecimentos, habilidades e compet\u00eancias, com pr\u00e1ticas inovadoras de ensino e aprendizagem, bem como, resgatando costumes regionais.<\/p>\n\n\n\n<figure class=\"wp-block-image\"><img decoding=\"async\" src=\"http:\/\/n1to.com.br\/img\/uploads\/foto_2_tocantinia.jpg\" alt=\"\"\/><\/figure>\n","protected":false},"excerpt":{"rendered":"<p>Por Zacarias Martins A Prefeitura de Tocant\u00ednia, por meio da Secretaria Municipal de Educa\u00e7\u00e3o, em parceria com a empresa Farol do Saber realiza a partir desta ter\u00e7a-feira, 28 de setembro at\u00e9 o dia 1\u00ba de outubro, mais uma forma\u00e7\u00e3o continuada de professores da Rede Municipal de Educa\u00e7\u00e3o, voltada, especialmente, para o ensino ind\u00edgena&nbsp; da comunidade &hellip;<\/p>\n","protected":false},"author":5,"featured_media":1773,"comment_status":"open","ping_status":"open","sticky":false,"template":"","format":"standard","meta":{"footnotes":""},"categories":[1],"tags":[],"class_list":["post-1771","post","type-post","status-publish","format-standard","has-post-thumbnail","","category-sem-categoria"],"_links":{"self":[{"href":"https:\/\/focotocantinense.com.br\/index.php?rest_route=\/wp\/v2\/posts\/1771","targetHints":{"allow":["GET"]}}],"collection":[{"href":"https:\/\/focotocantinense.com.br\/index.php?rest_route=\/wp\/v2\/posts"}],"about":[{"href":"https:\/\/focotocantinense.com.br\/index.php?rest_route=\/wp\/v2\/types\/post"}],"author":[{"embeddable":true,"href":"https:\/\/focotocantinense.com.br\/index.php?rest_route=\/wp\/v2\/users\/5"}],"replies":[{"embeddable":true,"href":"https:\/\/focotocantinense.com.br\/index.php?rest_route=%2Fwp%2Fv2%2Fcomments&post=1771"}],"version-history":[{"count":1,"href":"https:\/\/focotocantinense.com.br\/index.php?rest_route=\/wp\/v2\/posts\/1771\/revisions"}],"predecessor-version":[{"id":1772,"href":"https:\/\/focotocantinense.com.br\/index.php?rest_route=\/wp\/v2\/posts\/1771\/revisions\/1772"}],"wp:featuredmedia":[{"embeddable":true,"href":"https:\/\/focotocantinense.com.br\/index.php?rest_route=\/wp\/v2\/media\/1773"}],"wp:attachment":[{"href":"https:\/\/focotocantinense.com.br\/index.php?rest_route=%2Fwp%2Fv2%2Fmedia&parent=1771"}],"wp:term":[{"taxonomy":"category","embeddable":true,"href":"https:\/\/focotocantinense.com.br\/index.php?rest_route=%2Fwp%2Fv2%2Fcategories&post=1771"},{"taxonomy":"post_tag","embeddable":true,"href":"https:\/\/focotocantinense.com.br\/index.php?rest_route=%2Fwp%2Fv2%2Ftags&post=1771"}],"curies":[{"name":"wp","href":"https:\/\/api.w.org\/{rel}","templated":true}]}}