{"id":1766,"date":"2021-09-27T13:47:11","date_gmt":"2021-09-27T16:47:11","guid":{"rendered":"https:\/\/focotocantinense.com.br\/?p=1766"},"modified":"2021-09-27T17:55:33","modified_gmt":"2021-09-27T20:55:33","slug":"representantes-da-educacao-de-tocantinia-participam-de-evento-do-mec-em-araguaina","status":"publish","type":"post","link":"https:\/\/focotocantinense.com.br\/?p=1766","title":{"rendered":"Representantes da educa\u00e7\u00e3o de Tocant\u00ednia participam de evento do MEC, em Aragua\u00edna"},"content":{"rendered":"\n<p><strong>Por Leontina Martins<\/strong><\/p>\n\n\n\n<p>O secret\u00e1rio de Educa\u00e7\u00e3o de Tocantinia, professor Andr\u00e9 Goveia,\u00a0 e a coordenadora pedag\u00f3gica da Semed,\u00a0 S\u00e2mua Rosa,  est\u00e3o representando o munic\u00edpio no evento \u201cAtendimento do MEC e FNDE aos Prefeitos do Tocantins\u201d, que est\u00e1 sendo realizado nesta segunda-feira, 27, em Aragua\u00edna, no norte do Estado, numa iniciativa da Bancada Federal do Tocantins, sedo realizado pelo Minist\u00e9rio da Educa\u00e7\u00e3o &#8211; juntamente com o FNDE (Fundo Nacional de Desenvolvimento da Educa\u00e7\u00e3o). O evento contou com a presen\u00e7a do\u00a0om o Ministro\u00a0 da Educa\u00e7\u00e3o. Milton Ribeiro.<\/p>\n\n\n\n<p>Ao longo de todo o dia, t\u00e9cnicos do Minist\u00e9rio da Educa\u00e7\u00e3o e do FNDE estar\u00e3o \u00e0 disposi\u00e7\u00e3o dos representantes dos munic\u00edpios para esclarecer qualquer d\u00favida e, inclusive, ajudar a sanar pend\u00eancias que hoje bloqueiam a realiza\u00e7\u00e3o de conv\u00eanios.<\/p>\n\n\n\n<p>Segundo o professor Andr\u00e9 Goveia, esses esclarecimentos est\u00e3o sendo prestados em atendimentos individualizados, nos quais os t\u00e9cnicos do MEC e do FNDE tem acesso total aos sistemas. Com isso, \u00e9 poss\u00edvel verificar as pend\u00eancias dos munic\u00edpios em detalhes, aumentando as chances de encontrar solu\u00e7\u00f5es r\u00e1pidas. Essa, portanto, ser\u00e1 uma grande oportunidade para os munic\u00edpios.<\/p>\n\n\n\n<p><br><strong>Recursos<\/strong><br>De 2019 at\u00e9 agora, a Bancada Federal destinou R$ 118 milh\u00f5es para a educa\u00e7\u00e3o p\u00fablica do Tocantins apenas de emendas impositivas coletivas. Al\u00e9m disso, outros milh\u00f5es de reais foram destinados via emendas individuais impositivas de cada um dos 11 parlamentares do Estado \u2013 oito deputados federais e tr\u00eas senadores.<\/p>\n\n\n\n<figure class=\"wp-block-image\"><img decoding=\"async\" src=\"http:\/\/n1to.com.br\/img\/uploads\/andre_e_o_ministro.jpg\" alt=\"\"\/><\/figure>\n\n\n\n<figure class=\"wp-block-image\"><img decoding=\"async\" src=\"http:\/\/n1to.com.br\/img\/uploads\/andre_3.jpg\" alt=\"\"\/><figcaption><img decoding=\"async\" src=\"https:\/\/www.n1to.com.br\/img\/cache\/800x400\/80\/crop\/Imagem-4fb7b724d7d44ce60af826e90afece65.jpg\"><\/figcaption><\/figure>\n\n\n\n<figure class=\"wp-block-image\"><img decoding=\"async\" src=\"http:\/\/n1to.com.br\/img\/uploads\/veloso_banner_5.jpeg\" alt=\"\"\/><\/figure>\n","protected":false},"excerpt":{"rendered":"<p>Por Leontina Martins O secret\u00e1rio de Educa\u00e7\u00e3o de Tocantinia, professor Andr\u00e9 Goveia,\u00a0 e a coordenadora pedag\u00f3gica da Semed,\u00a0 S\u00e2mua Rosa, est\u00e3o representando o munic\u00edpio no evento \u201cAtendimento do MEC e FNDE aos Prefeitos do Tocantins\u201d, que est\u00e1 sendo realizado nesta segunda-feira, 27, em Aragua\u00edna, no norte do Estado, numa iniciativa da Bancada Federal do Tocantins, &hellip;<\/p>\n","protected":false},"author":5,"featured_media":1768,"comment_status":"open","ping_status":"open","sticky":false,"template":"","format":"standard","meta":{"footnotes":""},"categories":[1],"tags":[],"class_list":["post-1766","post","type-post","status-publish","format-standard","has-post-thumbnail","","category-sem-categoria"],"_links":{"self":[{"href":"https:\/\/focotocantinense.com.br\/index.php?rest_route=\/wp\/v2\/posts\/1766","targetHints":{"allow":["GET"]}}],"collection":[{"href":"https:\/\/focotocantinense.com.br\/index.php?rest_route=\/wp\/v2\/posts"}],"about":[{"href":"https:\/\/focotocantinense.com.br\/index.php?rest_route=\/wp\/v2\/types\/post"}],"author":[{"embeddable":true,"href":"https:\/\/focotocantinense.com.br\/index.php?rest_route=\/wp\/v2\/users\/5"}],"replies":[{"embeddable":true,"href":"https:\/\/focotocantinense.com.br\/index.php?rest_route=%2Fwp%2Fv2%2Fcomments&post=1766"}],"version-history":[{"count":2,"href":"https:\/\/focotocantinense.com.br\/index.php?rest_route=\/wp\/v2\/posts\/1766\/revisions"}],"predecessor-version":[{"id":1770,"href":"https:\/\/focotocantinense.com.br\/index.php?rest_route=\/wp\/v2\/posts\/1766\/revisions\/1770"}],"wp:featuredmedia":[{"embeddable":true,"href":"https:\/\/focotocantinense.com.br\/index.php?rest_route=\/wp\/v2\/media\/1768"}],"wp:attachment":[{"href":"https:\/\/focotocantinense.com.br\/index.php?rest_route=%2Fwp%2Fv2%2Fmedia&parent=1766"}],"wp:term":[{"taxonomy":"category","embeddable":true,"href":"https:\/\/focotocantinense.com.br\/index.php?rest_route=%2Fwp%2Fv2%2Fcategories&post=1766"},{"taxonomy":"post_tag","embeddable":true,"href":"https:\/\/focotocantinense.com.br\/index.php?rest_route=%2Fwp%2Fv2%2Ftags&post=1766"}],"curies":[{"name":"wp","href":"https:\/\/api.w.org\/{rel}","templated":true}]}}