{"id":1760,"date":"2021-09-26T10:17:00","date_gmt":"2021-09-26T13:17:00","guid":{"rendered":"https:\/\/focotocantinense.com.br\/?p=1760"},"modified":"2021-09-26T12:26:45","modified_gmt":"2021-09-26T15:26:45","slug":"novo-livro-de-lita-maria-sera-lancado-em-porto-nacional-durante-manha-de-autografos","status":"publish","type":"post","link":"https:\/\/focotocantinense.com.br\/?p=1760","title":{"rendered":"Novo livro de Lita Maria ser\u00e1 lan\u00e7ado em Porto Nacional durante manh\u00e3 de aut\u00f3grafos"},"content":{"rendered":"\n<p>Pela Editora Veloso, de Gurupi, a escritora Lita Maria&nbsp; lan\u00e7a na ter\u00e7a-feira (28), o romance &nbsp;\u201cSobre Dora e dores\u201d. O lan\u00e7amento &nbsp;acontece \u00e0s 10 da manh\u00e3, no IFTO, campus de Porto Nacional e pelo You Tube. &nbsp;A obra foi contemplada por edital de literatura lan\u00e7ado pela Ag\u00eancia do Desenvolvimento do Turismo, Cultura e Economia Criativa (Adetuc), por meio da Lei Aldir Blanc, com recursos do Governo Federal, por meio do Minist\u00e9rio do Turismo\/Secretaria Especial da Cultura.<\/p>\n\n\n\n<p><strong>Narrativa<\/strong><\/p>\n\n\n\n<p>Com uma narrativa simples, por\u00e9m forte na grandeza do que ela representa, Lita Maria revela o cotidiano sofrido dos moradores do povoado de Campineira do Anu Preto. Trata-se de um lugar ficcional, onde a vida escoa lentamente no ritmo das tramas dolorosas que emolduram o cotidiano da carpideira Cota e de Dora \u2013 Dorita.<\/p>\n\n\n\n<p><strong>Breve passagem<\/strong><\/p>\n\n\n\n<p>\u201cSobre Dora e dores\u201d pretende desnudar a breve passagem de Dora por Campineira do Anu Preto. Para tanto, escancara um enredo de mortes prematuras, de orfandade, de abandono, de doen\u00e7as conhecidas e desconhecidas naquele lugar. Tra\u00e7a alguns destinos dos personagens protagonistas e antagonistas que conduziram o fio do cotidiano lento e inexor\u00e1vel que marcou aqueles anos.<\/p>\n\n\n\n<p>O fio condutor da trama \u00e9 o olhar atento sobre as rela\u00e7\u00f5es de confian\u00e7a e desconfian\u00e7a, de lealdade e deslealdade entre a mulher que chora um defunto alheio \u2013 carpideira tarimbada e a mo\u00e7a Dora, tecendo doces recheados de arte e beleza. Heran\u00e7a artesanal trazida da sua inf\u00e2ncia atrav\u00e9s do labor da sua m\u00e3e e av\u00f3.<\/p>\n\n\n\n<p>A leitura n\u00e3o responde, n\u00e3o finda. Ao contr\u00e1rio, deixa uma lacuna, uma falta, uma quase necessidade de emendar cruamente um fio de hist\u00f3ria \u00e0 outra. N\u00e3o pretende e n\u00e3o estrutura os fiapos de enredo que v\u00e3o se mostrando a cada novo par\u00e1grafo. Com muito pesar faz um recorte. Revive-o. Quase nos obriga a palmilhar o mesmo peda\u00e7o de terra que Cota e Dora palmilharam at\u00e9 o encontro fatal de Dora com as suas dores.<\/p>\n\n\n\n<p><strong>Enriquecimento liter\u00e1rio<\/strong><\/p>\n\n\n\n<p>De acordo com o poeta, jornalista e ativista cultural Zacarias Martins, que \u00e9 titular da Academia Tocantinense de Letras, com esse novo trabalho liter\u00e1rio, Lita Maria enriquece ainda mais a literatura tocantinense contempor\u00e2nea e comprova, ainda mais, que o Estado do Tocantins \u00e9 um grande celeiro de preciosidades liter\u00e1rias. &#8220;Parabenizo\u00a0 a\u00a0 autora por nos propiciar o surgimento do romance\u00a0\u201cSobre Dora e dores\u201d, utilizando-se de uma linguagem multiforme e irisada que\u00a0 nos cativa enquanto leitores&#8221;, destacou Martins.<\/p>\n\n\n\n<p><strong>Credenciais da autora<\/strong><\/p>\n\n\n\n<p>Lita Maria \u00e9 escritora, membro da Academia Palmense de Letras, desde 2012, ocupando a Cadeira n\u00ba. 19 \u2013 tendo como Patrono o Poeta e Escritor Brasileiro Casimiro de Abreu. Nascida em 1967, em uma casa simples no munic\u00edpio de Piranhas-GO. Filha de Francisco Jos\u00e9 Alves \u2013 lavrador e An\u00e1lia Maria Alves \u2013 costureira.&nbsp; \u00c9 a sexta de oito irm\u00e3os e irm\u00e3s. Cresceu em Trindade-GO, concluiu o curso de Psicologia, Licenciatura em Letras e especializa\u00e7\u00e3o em Gest\u00e3o P\u00fablica. Possui tr\u00eas obras publicadas, o livro de poemas \u2013 Carretel de Rosas \u2013 2012; o Livro Gato \u2013 2014, e ainda o romance O Canto da Carpideira \u2013 2015. Obra que ainda integra a Cole\u00e7\u00e3o Literatura Tocantinense \u2013 editora-UFT.<\/p>\n\n\n\n<figure class=\"wp-block-image\"><img decoding=\"async\" src=\"http:\/\/n1to.com.br\/img\/uploads\/veloso_banner_4.jpeg\" alt=\"\"\/><\/figure>\n","protected":false},"excerpt":{"rendered":"<p>Pela Editora Veloso, de Gurupi, a escritora Lita Maria&nbsp; lan\u00e7a na ter\u00e7a-feira (28), o romance &nbsp;\u201cSobre Dora e dores\u201d. O lan\u00e7amento &nbsp;acontece \u00e0s 10 da manh\u00e3, no IFTO, campus de Porto Nacional e pelo You Tube. &nbsp;A obra foi contemplada por edital de literatura lan\u00e7ado pela Ag\u00eancia do Desenvolvimento do Turismo, Cultura e Economia Criativa &hellip;<\/p>\n","protected":false},"author":5,"featured_media":1763,"comment_status":"open","ping_status":"open","sticky":false,"template":"","format":"standard","meta":{"footnotes":""},"categories":[1],"tags":[],"class_list":["post-1760","post","type-post","status-publish","format-standard","has-post-thumbnail","","category-sem-categoria"],"_links":{"self":[{"href":"https:\/\/focotocantinense.com.br\/index.php?rest_route=\/wp\/v2\/posts\/1760","targetHints":{"allow":["GET"]}}],"collection":[{"href":"https:\/\/focotocantinense.com.br\/index.php?rest_route=\/wp\/v2\/posts"}],"about":[{"href":"https:\/\/focotocantinense.com.br\/index.php?rest_route=\/wp\/v2\/types\/post"}],"author":[{"embeddable":true,"href":"https:\/\/focotocantinense.com.br\/index.php?rest_route=\/wp\/v2\/users\/5"}],"replies":[{"embeddable":true,"href":"https:\/\/focotocantinense.com.br\/index.php?rest_route=%2Fwp%2Fv2%2Fcomments&post=1760"}],"version-history":[{"count":3,"href":"https:\/\/focotocantinense.com.br\/index.php?rest_route=\/wp\/v2\/posts\/1760\/revisions"}],"predecessor-version":[{"id":1765,"href":"https:\/\/focotocantinense.com.br\/index.php?rest_route=\/wp\/v2\/posts\/1760\/revisions\/1765"}],"wp:featuredmedia":[{"embeddable":true,"href":"https:\/\/focotocantinense.com.br\/index.php?rest_route=\/wp\/v2\/media\/1763"}],"wp:attachment":[{"href":"https:\/\/focotocantinense.com.br\/index.php?rest_route=%2Fwp%2Fv2%2Fmedia&parent=1760"}],"wp:term":[{"taxonomy":"category","embeddable":true,"href":"https:\/\/focotocantinense.com.br\/index.php?rest_route=%2Fwp%2Fv2%2Fcategories&post=1760"},{"taxonomy":"post_tag","embeddable":true,"href":"https:\/\/focotocantinense.com.br\/index.php?rest_route=%2Fwp%2Fv2%2Ftags&post=1760"}],"curies":[{"name":"wp","href":"https:\/\/api.w.org\/{rel}","templated":true}]}}