{"id":1757,"date":"2021-09-25T19:45:12","date_gmt":"2021-09-25T22:45:12","guid":{"rendered":"https:\/\/focotocantinense.com.br\/?p=1757"},"modified":"2021-09-25T19:46:26","modified_gmt":"2021-09-25T22:46:26","slug":"vale-gas-entrega-de-titulos-de-imoveis-e-agenda-com-governo-federal-sao-destaques-na-semana-do-governador-carlesse","status":"publish","type":"post","link":"https:\/\/focotocantinense.com.br\/?p=1757","title":{"rendered":"Vale g\u00e1s, entrega de t\u00edtulos de im\u00f3veis e agenda com Governo Federal s\u00e3o destaques na semana do Governador Carlesse"},"content":{"rendered":"\n<p>A agenda semanal do governador do Estado do Tocantins, Mauro Carlesse, foi marcada por importantes compromissos, incluindo a visita de representantes do Governo Federal e do Banco Nacional de Desenvolvimento Econ\u00f4mico e Social (BNDES), com vistas a fortalecer as a\u00e7\u00f5es de desenvolvimento do Estado.<\/p>\n\n\n\n<p>No in\u00edcio da semana, o presidente do BNDES, Gustavo Henrique Montezano, esteve com o Governador para debater estrat\u00e9gias sociais e econ\u00f4micas, al\u00e9m do projeto que prev\u00ea a concess\u00e3o dos servi\u00e7os de turismo em parques estaduais do Tocantins. A principal inten\u00e7\u00e3o \u00e9 tirar a regi\u00e3o do Jalap\u00e3o do isolamento, proporcionando mais qualidade de vida aos moradores e aos turistas interessados em conhecer o local.<\/p>\n\n\n\n<p><strong>Aquicultura<\/strong><\/p>\n\n\n\n<p>O governador Carlesse tamb\u00e9m recebeu, no Pal\u00e1cio Araguaia, o secret\u00e1rio da Aquicultura e Pesca do Minist\u00e9rio da Agricultura, Jorge Seif; e o superintendente do Patrim\u00f4nio da Uni\u00e3o do Tocantins, L\u00facio Alfenas. Eles vieram ao Estado para oficializar contratos de cess\u00e3o de uso de \u00e1guas de dom\u00ednio da Uni\u00e3o para fins de aquicultura, voltados a empres\u00e1rios tocantinenses interessados em implantar projetos de produ\u00e7\u00e3o de peixes na regi\u00e3o.<\/p>\n\n\n\n<p>Na ocasi\u00e3o, foram repassadas oito \u00e1reas aqu\u00edcolas no Tocantins, com capacidade para produ\u00e7\u00e3o de mais de 25 mil toneladas de peixes por ano, o que vai permitir um incremento da produ\u00e7\u00e3o de peixes no Estado e gera\u00e7\u00e3o de empregos.<\/p>\n\n\n\n<p><strong>Vale-g\u00e1s<\/strong><\/p>\n\n\n\n<p>Ainda durante a semana, o Chefe do Executivo Estadual aprovou, por meio de Resolu\u00e7\u00e3o, a libera\u00e7\u00e3o de recursos financeiros no valor de R$ 9.365.070,00 para o financiamento do programa social Vale-G\u00e1s.<\/p>\n\n\n\n<p>A iniciativa faz parte do programa Tocando em Frente e consiste na transfer\u00eancia de renda para a compra de botij\u00e3o de g\u00e1s de cozinha (GLP 13 kg). A meta \u00e9 beneficiar mais de 28 mil fam\u00edlias tocantinenses em situa\u00e7\u00e3o de vulnerabilidade.<\/p>\n\n\n\n<p>\u201cEsta \u00e9 s\u00f3 uma das a\u00e7\u00f5es que fazem parte do grande pacote de benef\u00edcios que \u00e9 o Tocando em Frente. Muito ainda vamos fazer pelo nosso povo, apoiando e auxiliando nos momentos dif\u00edceis, mas tamb\u00e9m criando oportunidades, gerando emprego e renda\u201d, destacou o governador Carlesse.<\/p>\n\n\n\n<p><strong>Retorno de militares<\/strong><\/p>\n\n\n\n<p>Tamb\u00e9m durante esta semana, o governador Carlesse regulamentou a Lei n\u00b0 3.721, que disp\u00f5e sobre a admiss\u00e3o especial de militares da reserva remunerada da Pol\u00edcia Militar do Tocantins (PMTO) e do Corpo de Bombeiros Militar do Tocantins (CBMTO). O objetivo \u00e9 fortalecer a atua\u00e7\u00e3o e o efetivo de militares no Estado.<\/p>\n\n\n\n<p>Ainda ser\u00e1 publicado edital com todas as regras de admiss\u00e3o, mas, inicialmente, os militares da reserva devem ser inseridos nas fun\u00e7\u00f5es administrativas dos Col\u00e9gios Militares, possibilitando que os profissionais da ativa possam voltar para o policiamento ostensivo nas ruas.<\/p>\n\n\n\n<p><strong>Adiantamento de sal\u00e1rio<\/strong><\/p>\n\n\n\n<p>Mantendo a\u00e7\u00f5es de valoriza\u00e7\u00e3o do servidor, o Governador autorizou o adiantamento do pagamento dos servidores p\u00fablicos estaduais. Nesta sexta-feira, 24, sete dias antes do final do m\u00eas trabalhado, inicia-se o cronograma de pagamento referente a setembro. Ao todo, o tesouro reservou R$ 177.843.627,99 para a folha l\u00edquida, envolvendo todos os \u00f3rg\u00e3os da estrutura administrativa.<\/p>\n\n\n\n<p>A antecipa\u00e7\u00e3o dos sal\u00e1rios \u00e9 uma determina\u00e7\u00e3o do Governador que, desde o enquadramento na Lei de Responsabilidade Fiscal (LRF), passou a ser todo dia 1\u00b0 de cada m\u00eas. J\u00e1 o pagamento, de forma antecipada e escalonada, come\u00e7ou no in\u00edcio do ano, como medida de enfrentamento \u00e0 pandemia do novo coronav\u00edrus, para evitar aglomera\u00e7\u00f5es nos com\u00e9rcios e nas institui\u00e7\u00f5es banc\u00e1rias.<\/p>\n\n\n\n<p><strong>Plantio de mudas no Pal\u00e1cio Araguaia<\/strong><\/p>\n\n\n\n<p>No dia 21, quando \u00e9 comemorado o Dia da \u00c1rvore, diversas crian\u00e7as plantaram mudas de \u00e1rvores frut\u00edferas na \u00e1rea externa do Pal\u00e1cio Araguaia. A a\u00e7\u00e3o buscou chamar aten\u00e7\u00e3o para a necessidade de conscientiza\u00e7\u00e3o em prol da preserva\u00e7\u00e3o desse bem natural e fundamental para a sobreviv\u00eancia do planeta.<\/p>\n\n\n\n<p>Ap\u00f3s o plantio de mudas de pequi e caju\u00ed, t\u00edpicas do Cerrado, as crian\u00e7as foram recebidas pelo governador Mauro Carlesse em seu gabinete e tiveram a oportunidade de conhecer os pontos de visita\u00e7\u00e3o do Pal\u00e1cio Araguaia.<\/p>\n\n\n\n<p><strong>Entrega de t\u00edtulos<\/strong><\/p>\n\n\n\n<p>A agenda institucional do Governador encerrou com a entrega de 179 t\u00edtulos definitivos de im\u00f3veis no munic\u00edpio de Gurupi, por meio do Programa de Regulariza\u00e7\u00e3o Fundi\u00e1ria Urbana. Foram entregues 122 t\u00edtulos para as fam\u00edlias da Vila do Dertins e 57 para fam\u00edlias da Vila S\u00e3o Jos\u00e9, pondo fim a uma espera de 40 anos. A a\u00e7\u00e3o tamb\u00e9m faz parte do programa de desenvolvimento Tocando em Frente.<\/p>\n\n\n\n<p>Antecedendo a entrega dos t\u00edtulos, o governador Mauro Carlesse e secret\u00e1rios de Estado foram recebidos pela prefeita de Gurupi, Josi Nunes, que juntamente com a sua equipe, apresentou projetos nas \u00e1reas de infraestrutura, de desenvolvimento econ\u00f4mico e de expans\u00e3o do plano diretor da cidade, visando investimentos do programa Tocando em Frente, idealizado pelo Governador para fortalecimento da economia tocantinense.<\/p>\n\n\n\n<figure class=\"wp-block-image\"><img decoding=\"async\" src=\"http:\/\/n1to.com.br\/img\/uploads\/aaaaaaaaaa_8.jpg\" alt=\"\"\/><\/figure>\n\n\n\n<figure class=\"wp-block-image\"><img decoding=\"async\" src=\"http:\/\/n1to.com.br\/img\/uploads\/bbbb_7.jpg\" alt=\"\"\/><\/figure>\n\n\n\n<figure class=\"wp-block-image\"><img decoding=\"async\" src=\"http:\/\/n1to.com.br\/img\/uploads\/ccccc.jpg\" alt=\"\"\/><\/figure>\n\n\n\n<figure class=\"wp-block-image\"><img decoding=\"async\" src=\"http:\/\/n1to.com.br\/img\/uploads\/dddd_4.jpg\" alt=\"\"\/><\/figure>\n\n\n\n<figure class=\"wp-block-image\"><img decoding=\"async\" src=\"http:\/\/n1to.com.br\/img\/uploads\/eee.jpg\" alt=\"\"\/><\/figure>\n\n\n\n<figure class=\"wp-block-image\"><img decoding=\"async\" src=\"http:\/\/n1to.com.br\/img\/uploads\/veloso_banner_4.jpeg\" alt=\"\"\/><\/figure>\n","protected":false},"excerpt":{"rendered":"<p>A agenda semanal do governador do Estado do Tocantins, Mauro Carlesse, foi marcada por importantes compromissos, incluindo a visita de representantes do Governo Federal e do Banco Nacional de Desenvolvimento Econ\u00f4mico e Social (BNDES), com vistas a fortalecer as a\u00e7\u00f5es de desenvolvimento do Estado. No in\u00edcio da semana, o presidente do BNDES, Gustavo Henrique Montezano, &hellip;<\/p>\n","protected":false},"author":5,"featured_media":1759,"comment_status":"open","ping_status":"open","sticky":false,"template":"","format":"standard","meta":{"footnotes":""},"categories":[1],"tags":[],"class_list":["post-1757","post","type-post","status-publish","format-standard","has-post-thumbnail","","category-sem-categoria"],"_links":{"self":[{"href":"https:\/\/focotocantinense.com.br\/index.php?rest_route=\/wp\/v2\/posts\/1757","targetHints":{"allow":["GET"]}}],"collection":[{"href":"https:\/\/focotocantinense.com.br\/index.php?rest_route=\/wp\/v2\/posts"}],"about":[{"href":"https:\/\/focotocantinense.com.br\/index.php?rest_route=\/wp\/v2\/types\/post"}],"author":[{"embeddable":true,"href":"https:\/\/focotocantinense.com.br\/index.php?rest_route=\/wp\/v2\/users\/5"}],"replies":[{"embeddable":true,"href":"https:\/\/focotocantinense.com.br\/index.php?rest_route=%2Fwp%2Fv2%2Fcomments&post=1757"}],"version-history":[{"count":1,"href":"https:\/\/focotocantinense.com.br\/index.php?rest_route=\/wp\/v2\/posts\/1757\/revisions"}],"predecessor-version":[{"id":1758,"href":"https:\/\/focotocantinense.com.br\/index.php?rest_route=\/wp\/v2\/posts\/1757\/revisions\/1758"}],"wp:featuredmedia":[{"embeddable":true,"href":"https:\/\/focotocantinense.com.br\/index.php?rest_route=\/wp\/v2\/media\/1759"}],"wp:attachment":[{"href":"https:\/\/focotocantinense.com.br\/index.php?rest_route=%2Fwp%2Fv2%2Fmedia&parent=1757"}],"wp:term":[{"taxonomy":"category","embeddable":true,"href":"https:\/\/focotocantinense.com.br\/index.php?rest_route=%2Fwp%2Fv2%2Fcategories&post=1757"},{"taxonomy":"post_tag","embeddable":true,"href":"https:\/\/focotocantinense.com.br\/index.php?rest_route=%2Fwp%2Fv2%2Ftags&post=1757"}],"curies":[{"name":"wp","href":"https:\/\/api.w.org\/{rel}","templated":true}]}}