{"id":1752,"date":"2021-09-22T17:17:07","date_gmt":"2021-09-22T20:17:07","guid":{"rendered":"http:\/\/focotocantinense.com.br\/?p=1752"},"modified":"2021-09-22T17:19:27","modified_gmt":"2021-09-22T20:19:27","slug":"profissionais-da-educacao-de-tocantinia-participam-de-capacitacao-pelo-projeto-de-extensao-iris-da-uft","status":"publish","type":"post","link":"https:\/\/focotocantinense.com.br\/?p=1752","title":{"rendered":"Profissionais da educa\u00e7\u00e3o de Tocant\u00ednia participam de capacita\u00e7\u00e3o pelo Projeto de Extens\u00e3o \u00cdris, da UFT"},"content":{"rendered":"\n<p><strong>Por Leontina Martins<\/strong><\/p>\n\n\n\n<p>Uma parceria&nbsp; da Prefeitura Municipal de Tocant\u00ednia por meio da Secretaria Municipal de Educa\u00e7\u00e3o (Semed), com Universidade Federal do Tocantins (UFT), &nbsp;&nbsp;est\u00e1 viabilizando&nbsp; a realiza\u00e7\u00e3o de a\u00e7\u00f5es do Projeto de Extens\u00e3o \u00cdris, que busca&nbsp; capacitar e orientar os profissionais de educa\u00e7\u00e3o sobre o protocolos de biosseguran\u00e7a.&nbsp;<\/p>\n\n\n\n<p>A capacita\u00e7\u00e3o aconteceu nesta quarta-feira, 22, na &nbsp;Escola Municipal Professor Constantino Pedro de Castro, Escola Municipal de Tempo Integral Antonio Benvindo da Luz e &nbsp;na Escola Municipal de Educa\u00e7\u00e3o Infantil Tereza Hil\u00e1rio Ribeiro.<\/p>\n\n\n\n<p>Na oportunidade, &nbsp;de forma presencial, os profissionais que atuam na Rede Municipal de Educa\u00e7\u00e3o de Tocant\u00ednia foram capacitados&nbsp; sobre o protocolos de biosseguran\u00e7a, &nbsp;com metodologia de aplica\u00e7\u00e3o pr\u00e1tica dos protocolos. Os servidores da Educa\u00e7\u00e3o tamb\u00e9m puderam observar quais a\u00e7\u00f5es devem ser realizadas para transporte seguro dos alunos, recebimento na escola, protocolo em sala de aula, alimenta\u00e7\u00e3o e dos de limpeza da escola.<\/p>\n\n\n\n<p><strong>Sobre o Projeto \u00cdris<\/strong><\/p>\n\n\n\n<p>O Projeto \u00cdris faz parte do programa UFT Social que objetiva a inser\u00e7\u00e3o da universidade no contexto regional para contribuir com o desenvolvimento do Tocantins, sendo constitu\u00eddo por seis grandes temas transversais: Sa\u00fade e bem-estar, educa\u00e7\u00e3o e cultura, cidadania e justi\u00e7a, empreendedorismo e inova\u00e7\u00e3o, agricultura e meio ambiente e governan\u00e7a p\u00fablica.<\/p>\n\n\n\n<figure class=\"wp-block-image\"><img decoding=\"async\" src=\"https:\/\/www.n1to.com.br\/img\/cache\/800x400\/80\/crop\/Imagem-86d14d92eb6be3875573b77531f4be9b.jpg\" alt=\"\"\/><\/figure>\n\n\n\n<figure class=\"wp-block-image\"><img decoding=\"async\" src=\"https:\/\/clebertoledo.com.br\/wp-content\/uploads\/2021\/01\/veloso_banner-1024x296.jpeg\" alt=\"\"\/><\/figure>\n","protected":false},"excerpt":{"rendered":"<p>Por Leontina Martins Uma parceria&nbsp; da Prefeitura Municipal de Tocant\u00ednia por meio da Secretaria Municipal de Educa\u00e7\u00e3o (Semed), com Universidade Federal do Tocantins (UFT), &nbsp;&nbsp;est\u00e1 viabilizando&nbsp; a realiza\u00e7\u00e3o de a\u00e7\u00f5es do Projeto de Extens\u00e3o \u00cdris, que busca&nbsp; capacitar e orientar os profissionais de educa\u00e7\u00e3o sobre o protocolos de biosseguran\u00e7a.&nbsp; A capacita\u00e7\u00e3o aconteceu nesta quarta-feira, 22, &hellip;<\/p>\n","protected":false},"author":5,"featured_media":1755,"comment_status":"open","ping_status":"open","sticky":false,"template":"","format":"standard","meta":{"footnotes":""},"categories":[1],"tags":[],"class_list":["post-1752","post","type-post","status-publish","format-standard","has-post-thumbnail","","category-sem-categoria"],"_links":{"self":[{"href":"https:\/\/focotocantinense.com.br\/index.php?rest_route=\/wp\/v2\/posts\/1752","targetHints":{"allow":["GET"]}}],"collection":[{"href":"https:\/\/focotocantinense.com.br\/index.php?rest_route=\/wp\/v2\/posts"}],"about":[{"href":"https:\/\/focotocantinense.com.br\/index.php?rest_route=\/wp\/v2\/types\/post"}],"author":[{"embeddable":true,"href":"https:\/\/focotocantinense.com.br\/index.php?rest_route=\/wp\/v2\/users\/5"}],"replies":[{"embeddable":true,"href":"https:\/\/focotocantinense.com.br\/index.php?rest_route=%2Fwp%2Fv2%2Fcomments&post=1752"}],"version-history":[{"count":2,"href":"https:\/\/focotocantinense.com.br\/index.php?rest_route=\/wp\/v2\/posts\/1752\/revisions"}],"predecessor-version":[{"id":1756,"href":"https:\/\/focotocantinense.com.br\/index.php?rest_route=\/wp\/v2\/posts\/1752\/revisions\/1756"}],"wp:featuredmedia":[{"embeddable":true,"href":"https:\/\/focotocantinense.com.br\/index.php?rest_route=\/wp\/v2\/media\/1755"}],"wp:attachment":[{"href":"https:\/\/focotocantinense.com.br\/index.php?rest_route=%2Fwp%2Fv2%2Fmedia&parent=1752"}],"wp:term":[{"taxonomy":"category","embeddable":true,"href":"https:\/\/focotocantinense.com.br\/index.php?rest_route=%2Fwp%2Fv2%2Fcategories&post=1752"},{"taxonomy":"post_tag","embeddable":true,"href":"https:\/\/focotocantinense.com.br\/index.php?rest_route=%2Fwp%2Fv2%2Ftags&post=1752"}],"curies":[{"name":"wp","href":"https:\/\/api.w.org\/{rel}","templated":true}]}}