{"id":1745,"date":"2021-09-20T12:10:34","date_gmt":"2021-09-20T15:10:34","guid":{"rendered":"https:\/\/focotocantinense.com.br\/?p=1745"},"modified":"2021-09-20T12:11:58","modified_gmt":"2021-09-20T15:11:58","slug":"dia-da-arvore-tera-live-especial-da-secretaria-municipal-de-educacao-de-tocantinia","status":"publish","type":"post","link":"https:\/\/focotocantinense.com.br\/?p=1745","title":{"rendered":"Dia da \u00c1rvore ter\u00e1 live especial da Secretaria Municipal de Educa\u00e7\u00e3o de Tocant\u00ednia"},"content":{"rendered":"\n<p><strong>Por Leontina Martins<\/strong><\/p>\n\n\n\n<p>A Prefeitura de Tocant\u00ednia, por meio da Secretaria Municipal de Educa\u00e7\u00e3o (Semed), promove nesta ter\u00e7a-feira, dia 21 de setembro, uma live especial&nbsp; no seu canal no YouTube, para comemorar o Dia da \u00c1rvore.<\/p>\n\n\n\n<p>O secret\u00e1rio de Educa\u00e7\u00e3o de Tocant\u00ednia, professor Andr\u00e9 Goveia,&nbsp; destaca que esta&nbsp; tamb\u00e9m \u00e9 uma forma did\u00e1tica de despertar nas crian\u00e7as o interesse pela preserva\u00e7\u00e3o do meio ambiente, al\u00e9m de ensin\u00e1-las sobre a diversidade das \u00e1rvores e arbustos existentes na natureza. &nbsp;\u201cSer\u00e1 muito enriquecedor para nossas crian\u00e7as participarem dessa live, j\u00e1 que esse tipo de conhecimento que vai al\u00e9m da sala de aula, pois agrega valores ambientais sustent\u00e1veis\u201d, explana o secret\u00e1rio<\/p>\n\n\n\n<p>Andr\u00e9 Goveia&nbsp; explica que as \u00e1rvores s\u00e3o essenciais para a preserva\u00e7\u00e3o do meio ambiente. Por isso, convida n\u00e3o s\u00f3 os alunos, como seus familiares e a comunidade de Tocant\u00ednia&nbsp; a se envolverem nesta causa.<\/p>\n\n\n\n<p>\u201cQueremos que todos pensem em como as \u00e1rvores deixam o ar mais puro, traz mais umidade, que resulta no regulamento da temperatura, al\u00e9m de gerar flores e frutos\u201d, finalizou o secret\u00e1rio de Educa\u00e7\u00e3o de Tocant\u00ednia.<\/p>\n\n\n\n<figure class=\"wp-block-image\"><img decoding=\"async\" src=\"http:\/\/n1to.com.br\/img\/uploads\/andre_govieia_2.jpg\" alt=\"\"\/><\/figure>\n","protected":false},"excerpt":{"rendered":"<p>Por Leontina Martins A Prefeitura de Tocant\u00ednia, por meio da Secretaria Municipal de Educa\u00e7\u00e3o (Semed), promove nesta ter\u00e7a-feira, dia 21 de setembro, uma live especial&nbsp; no seu canal no YouTube, para comemorar o Dia da \u00c1rvore. O secret\u00e1rio de Educa\u00e7\u00e3o de Tocant\u00ednia, professor Andr\u00e9 Goveia,&nbsp; destaca que esta&nbsp; tamb\u00e9m \u00e9 uma forma did\u00e1tica de despertar &hellip;<\/p>\n","protected":false},"author":5,"featured_media":1747,"comment_status":"open","ping_status":"open","sticky":false,"template":"","format":"standard","meta":{"footnotes":""},"categories":[1],"tags":[],"class_list":["post-1745","post","type-post","status-publish","format-standard","has-post-thumbnail","","category-sem-categoria"],"_links":{"self":[{"href":"https:\/\/focotocantinense.com.br\/index.php?rest_route=\/wp\/v2\/posts\/1745","targetHints":{"allow":["GET"]}}],"collection":[{"href":"https:\/\/focotocantinense.com.br\/index.php?rest_route=\/wp\/v2\/posts"}],"about":[{"href":"https:\/\/focotocantinense.com.br\/index.php?rest_route=\/wp\/v2\/types\/post"}],"author":[{"embeddable":true,"href":"https:\/\/focotocantinense.com.br\/index.php?rest_route=\/wp\/v2\/users\/5"}],"replies":[{"embeddable":true,"href":"https:\/\/focotocantinense.com.br\/index.php?rest_route=%2Fwp%2Fv2%2Fcomments&post=1745"}],"version-history":[{"count":1,"href":"https:\/\/focotocantinense.com.br\/index.php?rest_route=\/wp\/v2\/posts\/1745\/revisions"}],"predecessor-version":[{"id":1746,"href":"https:\/\/focotocantinense.com.br\/index.php?rest_route=\/wp\/v2\/posts\/1745\/revisions\/1746"}],"wp:featuredmedia":[{"embeddable":true,"href":"https:\/\/focotocantinense.com.br\/index.php?rest_route=\/wp\/v2\/media\/1747"}],"wp:attachment":[{"href":"https:\/\/focotocantinense.com.br\/index.php?rest_route=%2Fwp%2Fv2%2Fmedia&parent=1745"}],"wp:term":[{"taxonomy":"category","embeddable":true,"href":"https:\/\/focotocantinense.com.br\/index.php?rest_route=%2Fwp%2Fv2%2Fcategories&post=1745"},{"taxonomy":"post_tag","embeddable":true,"href":"https:\/\/focotocantinense.com.br\/index.php?rest_route=%2Fwp%2Fv2%2Ftags&post=1745"}],"curies":[{"name":"wp","href":"https:\/\/api.w.org\/{rel}","templated":true}]}}