{"id":1733,"date":"2021-09-19T08:51:44","date_gmt":"2021-09-19T11:51:44","guid":{"rendered":"https:\/\/focotocantinense.com.br\/?p=1733"},"modified":"2021-09-19T08:53:01","modified_gmt":"2021-09-19T11:53:01","slug":"presidente-da-camara-municipal-de-lagoa-da-confusao-vistoria-obras-de-construcao-de-trecho-da-to-255","status":"publish","type":"post","link":"https:\/\/focotocantinense.com.br\/?p=1733","title":{"rendered":"Presidente da C\u00e2mara Municipal de Lagoa da Confus\u00e3o vistoria obras de constru\u00e7\u00e3o de trecho da TO-255"},"content":{"rendered":"\n<p>Neste s\u00e1bado (18), o presidente da C\u00e2mara Municipal de Lagoa da Confus\u00e3o, vereador Luiz Edvaldo Coelho dos Santos (vereador Di), acompanhado pelos vereadores Nelvi Carlos (DEM) e Alan Coelho (MDB), estiveram vistoriando as obras de &nbsp;constru\u00e7\u00e3o &nbsp;do trecho &nbsp;de 47,25 km de extens\u00e3o da rodovia TO-255, entre a cidade de Lagoa da Confus\u00e3o e o porto de Barreira da Cruz (Rio Java\u00e9s), na divisa com a Ilha do Bananal.<\/p>\n\n\n\n<p>O vereador Di lembra que a pavimenta\u00e7\u00e3o asf\u00e1ltica dessa importante rodovia \u00e9 um sonho acalentado por muitos anos pela popula\u00e7\u00e3o local, principalmente do setor produtivo do agroneg\u00f3cio, pequenos produtores rurais e comunidades ind\u00edgenas, e que gra\u00e7as ao empenho do governador Mauro Carlesse e do prefeito Thiago Carlos, finalmente est\u00e1 saindo do papel e virando realidade.<\/p>\n\n\n\n<p>\u201cAl\u00e9m de favorecer o tr\u00e1fego de ve\u00edculos, a pavimenta\u00e7\u00e3o da rodovia TO-255 vai reduzir o custo de produ\u00e7\u00e3o, facilitar o escoamento e proporcionar mais seguran\u00e7a para os usu\u00e1rios. Por isso agradecemos ao governador Mauro Carlesse e ao prefeito Thiago Carlos por viabilizar t\u00e3o importante obra n\u00e3o s\u00f3 para Lagoa da Confus\u00e3o,&nbsp; mas, tamb\u00e9m, para&nbsp; o fortalecimento da economia no Estado do Tocantins\u201d, afirmou o presidente da C\u00e2mara de Vereadores.<\/p>\n\n\n\n<p>A obra est\u00e1 or\u00e7ada em R$ 47.163.515,85,&nbsp; e faz parte do programa Tocando em Frente, do Governo Estadual.&nbsp;<em><strong>(Zacarias Martins)<\/strong><\/em><\/p>\n\n\n\n<figure class=\"wp-block-image\"><img decoding=\"async\" src=\"https:\/\/www.n1to.com.br\/img\/cache\/800x400\/80\/crop\/Imagem-eacf16ec7d50a6893fde0eab44226221.jpg\" alt=\"\"\/><\/figure>\n","protected":false},"excerpt":{"rendered":"<p>Neste s\u00e1bado (18), o presidente da C\u00e2mara Municipal de Lagoa da Confus\u00e3o, vereador Luiz Edvaldo Coelho dos Santos (vereador Di), acompanhado pelos vereadores Nelvi Carlos (DEM) e Alan Coelho (MDB), estiveram vistoriando as obras de &nbsp;constru\u00e7\u00e3o &nbsp;do trecho &nbsp;de 47,25 km de extens\u00e3o da rodovia TO-255, entre a cidade de Lagoa da Confus\u00e3o e o &hellip;<\/p>\n","protected":false},"author":5,"featured_media":1735,"comment_status":"open","ping_status":"open","sticky":false,"template":"","format":"standard","meta":{"footnotes":""},"categories":[1],"tags":[],"class_list":["post-1733","post","type-post","status-publish","format-standard","has-post-thumbnail","","category-sem-categoria"],"_links":{"self":[{"href":"https:\/\/focotocantinense.com.br\/index.php?rest_route=\/wp\/v2\/posts\/1733","targetHints":{"allow":["GET"]}}],"collection":[{"href":"https:\/\/focotocantinense.com.br\/index.php?rest_route=\/wp\/v2\/posts"}],"about":[{"href":"https:\/\/focotocantinense.com.br\/index.php?rest_route=\/wp\/v2\/types\/post"}],"author":[{"embeddable":true,"href":"https:\/\/focotocantinense.com.br\/index.php?rest_route=\/wp\/v2\/users\/5"}],"replies":[{"embeddable":true,"href":"https:\/\/focotocantinense.com.br\/index.php?rest_route=%2Fwp%2Fv2%2Fcomments&post=1733"}],"version-history":[{"count":2,"href":"https:\/\/focotocantinense.com.br\/index.php?rest_route=\/wp\/v2\/posts\/1733\/revisions"}],"predecessor-version":[{"id":1736,"href":"https:\/\/focotocantinense.com.br\/index.php?rest_route=\/wp\/v2\/posts\/1733\/revisions\/1736"}],"wp:featuredmedia":[{"embeddable":true,"href":"https:\/\/focotocantinense.com.br\/index.php?rest_route=\/wp\/v2\/media\/1735"}],"wp:attachment":[{"href":"https:\/\/focotocantinense.com.br\/index.php?rest_route=%2Fwp%2Fv2%2Fmedia&parent=1733"}],"wp:term":[{"taxonomy":"category","embeddable":true,"href":"https:\/\/focotocantinense.com.br\/index.php?rest_route=%2Fwp%2Fv2%2Fcategories&post=1733"},{"taxonomy":"post_tag","embeddable":true,"href":"https:\/\/focotocantinense.com.br\/index.php?rest_route=%2Fwp%2Fv2%2Ftags&post=1733"}],"curies":[{"name":"wp","href":"https:\/\/api.w.org\/{rel}","templated":true}]}}