{"id":1730,"date":"2021-09-19T08:48:15","date_gmt":"2021-09-19T11:48:15","guid":{"rendered":"https:\/\/focotocantinense.com.br\/?p=1730"},"modified":"2021-09-19T08:49:35","modified_gmt":"2021-09-19T11:49:35","slug":"independentes-advogados-lancam-movimento-uma-nova-ordem-para-disputar-oab","status":"publish","type":"post","link":"https:\/\/focotocantinense.com.br\/?p=1730","title":{"rendered":"Independentes, advogados lan\u00e7am Movimento Uma Nova Ordem para disputar OAB"},"content":{"rendered":"\n<p>Romper as amarras pol\u00edticas partid\u00e1rias com independ\u00eancia e luta pela advocacia tocantinense foi o tom da noite de lan\u00e7amento do Movimento Uma Nova Ordem. O evento reuniu advogados e advogadas de todo Tocantins em Gurupi, nesta sexta-feira, 17, e definiu a pr\u00e9-candidatura do advogado Leonardo Maciel para a seccional Tocantins e do advogado Paulo Izidio para a subse\u00e7\u00e3o de Gurupi. A prevista para novembro.<\/p>\n\n\n\n<p>Os advogados M\u00e1rcio Martins e Daniel Cervantes tamb\u00e9m colocaram o nome \u00e0 disposi\u00e7\u00e3o e decidiram integrar o projeto fortalecendo o nome de Leonardo Maciel. &#8220;Tenho 25 anos de advocacia e sempre estive envolvido na pol\u00edtica institucional, hoje, vejo pessoas comprometidas como a advocacia neste movimento e sei que temos um homem justo e preparado para assumir este desafio, que \u00e9 o Leonardo e por isso apoio o seu nome para a pr\u00e9-candidatura\u201d, pontuou M\u00e1rcio Martins.<\/p>\n\n\n\n<p>Com representantes Aragua\u00edna, Colinas, Gurupi, Para\u00edso do Tocantins, Pedro Afonso, Miracema, Porto Nacional e Palmas presentes no lan\u00e7amento do Movimento Uma Nova Ordem, a interioriza\u00e7\u00e3o e o respeito \u00e0 advocacia feita nas cidades do Tocantins foi referendado e o compromisso com os advogados e advogadas do interior do estado foi feito em conjunto, levando os advogados, de fato, para o debate pol\u00edtico institucional e as decis\u00f5es da OAB.<\/p>\n\n\n\n<p>\u201cUma OAB impessoal, menos a cara de um e mais a cara de todos\u201d, esta foi a proposta do pr\u00e9-candidato Leonardo Maciel, ao lembrar que os advogados s\u00e3o representantes diretos do cidad\u00e3o no Judici\u00e1rio e convidar para que cada um que adere ao movimento participe do processo eleitoral, que se avizinha, e da gest\u00e3o. \u201cSomente os advogados podem fazer alguma coisa, a advocacia precisa se apresentar como grupo, como categoria e mostrar para o Judici\u00e1rio que a sociedade entrou e vai sim cobrar\u201d, disse.<\/p>\n\n\n\n<p>Leonardo foi categ\u00f3rico em sua fala sobre a independ\u00eancia da Ordem dos Advogados no Tocantins e a import\u00e2ncia da participa\u00e7\u00e3o efetiva de todos, que acreditam ser poss\u00edvel ter uma entidade que representa, cuida e impulsiona a advocacia tocantinense. \u201cO que ia acontecer nesta elei\u00e7\u00e3o \u00e9 exatamente o que acontece h\u00e1 32 anos na OAB, n\u00e3o sou contra pol\u00edtica partid\u00e1ria, s\u00f3 acredito que a OAB serve para cobrar os pol\u00edticos, como representante da sociedade civil organizada, o papel da OAB \u00e9 fiscalizar os pol\u00edticos e por isso precisamos ter independ\u00eancia\u201d, disse.<\/p>\n\n\n\n<p><strong>Gurupi<\/strong><\/p>\n\n\n\n<p>\u201c\u00c9 a primeira vez que vejo um movimento de pr\u00e9-campanha e disposi\u00e7\u00e3o de nomes aqui em Gurupi com esta propor\u00e7\u00e3o. N\u00f3s estamos \u00e0 disposi\u00e7\u00e3o para servir a nossa classe e n\u00f3s precisamos de uma OAB que realmente seja gerida por advogados, por quem sabe das nossas dificuldades do dia a dia\u201d, pontuou o pr\u00e9-candidato do Movimento Uma Nova Ordem para a disputa \u00e0 Subse\u00e7\u00e3o de Gurupi, o advogado Paulo Izidio.<\/p>\n\n\n\n<p>Ele lembrou que o movimento propaga uma ideia e n\u00e3o o nome de uma pessoa ou de outra e por isso falou da import\u00e2ncia da OAB ser flex\u00edvel para atender as diversas \u00e1reas da advocacia. \u201cNeste trabalho a OAB n\u00e3o pode se deixar corromper, por isso estamos aqui todos juntos abra\u00e7ando esta ideia de uma nova ordem para o Tocantins\u201d, disse o pr\u00e9-candidato.<\/p>\n\n\n\n<p><strong>Representa\u00e7\u00e3o<\/strong><\/p>\n\n\n\n<p>\u201cCom a forma\u00e7\u00e3o deste grupo eu me senti representada!\u201d, pontuou a advogada gurupiense Camila Lopes ao destacar ainda que nota \u201cum um grupo de pessoas do bem, trabalhando pelo bem da ordem, da classe e da sociedade\u201d.<\/p>\n\n\n\n<p>Na oportunidade ela convidou a cada mulher advogada para construir uma \u201cfrente forte e corajosa\u201d para levar a coer\u00eancia e a independ\u00eancia para a OAB Tocantins. \u201cParticipe ativamente deste movimento para juntas formarmos uma OAB digna e da advocacia uma profiss\u00e3o respeitada\u201d, finalizou.<\/p>\n","protected":false},"excerpt":{"rendered":"<p>Romper as amarras pol\u00edticas partid\u00e1rias com independ\u00eancia e luta pela advocacia tocantinense foi o tom da noite de lan\u00e7amento do Movimento Uma Nova Ordem. O evento reuniu advogados e advogadas de todo Tocantins em Gurupi, nesta sexta-feira, 17, e definiu a pr\u00e9-candidatura do advogado Leonardo Maciel para a seccional Tocantins e do advogado Paulo Izidio &hellip;<\/p>\n","protected":false},"author":5,"featured_media":1732,"comment_status":"open","ping_status":"open","sticky":false,"template":"","format":"standard","meta":{"footnotes":""},"categories":[1],"tags":[],"class_list":["post-1730","post","type-post","status-publish","format-standard","has-post-thumbnail","","category-sem-categoria"],"_links":{"self":[{"href":"https:\/\/focotocantinense.com.br\/index.php?rest_route=\/wp\/v2\/posts\/1730","targetHints":{"allow":["GET"]}}],"collection":[{"href":"https:\/\/focotocantinense.com.br\/index.php?rest_route=\/wp\/v2\/posts"}],"about":[{"href":"https:\/\/focotocantinense.com.br\/index.php?rest_route=\/wp\/v2\/types\/post"}],"author":[{"embeddable":true,"href":"https:\/\/focotocantinense.com.br\/index.php?rest_route=\/wp\/v2\/users\/5"}],"replies":[{"embeddable":true,"href":"https:\/\/focotocantinense.com.br\/index.php?rest_route=%2Fwp%2Fv2%2Fcomments&post=1730"}],"version-history":[{"count":1,"href":"https:\/\/focotocantinense.com.br\/index.php?rest_route=\/wp\/v2\/posts\/1730\/revisions"}],"predecessor-version":[{"id":1731,"href":"https:\/\/focotocantinense.com.br\/index.php?rest_route=\/wp\/v2\/posts\/1730\/revisions\/1731"}],"wp:featuredmedia":[{"embeddable":true,"href":"https:\/\/focotocantinense.com.br\/index.php?rest_route=\/wp\/v2\/media\/1732"}],"wp:attachment":[{"href":"https:\/\/focotocantinense.com.br\/index.php?rest_route=%2Fwp%2Fv2%2Fmedia&parent=1730"}],"wp:term":[{"taxonomy":"category","embeddable":true,"href":"https:\/\/focotocantinense.com.br\/index.php?rest_route=%2Fwp%2Fv2%2Fcategories&post=1730"},{"taxonomy":"post_tag","embeddable":true,"href":"https:\/\/focotocantinense.com.br\/index.php?rest_route=%2Fwp%2Fv2%2Ftags&post=1730"}],"curies":[{"name":"wp","href":"https:\/\/api.w.org\/{rel}","templated":true}]}}