{"id":1725,"date":"2021-09-18T16:00:57","date_gmt":"2021-09-18T19:00:57","guid":{"rendered":"https:\/\/focotocantinense.com.br\/?p=1725"},"modified":"2021-09-18T16:04:40","modified_gmt":"2021-09-18T19:04:40","slug":"camara-de-lagoa-da-confusao-aprova-projeto-de-lei-do-vereador-romivaldo-martins-que-beneficia-servidor-publico-municipal-responsavel-por-pessoas-com-deficiencia","status":"publish","type":"post","link":"https:\/\/focotocantinense.com.br\/?p=1725","title":{"rendered":"C\u00e2mara de Lagoa da Confus\u00e3o aprova Projeto de Lei do vereador Romivaldo Martins que beneficia servidor p\u00fablico municipal respons\u00e1vel por pessoas com defici\u00eancia"},"content":{"rendered":"\n<p><\/p>\n\n\n\n<p><strong>Por Zacarias Martins<\/strong><\/p>\n\n\n\n<p><br>A C\u00e2mara Municipal de Lagoa da Confus\u00e3o, aprovou o Projeto de Lei n\u00ba 006\/2021, de autoria do vereador Romivaldo Martins (SD), que disp\u00f5e sobre a redu\u00e7\u00e3o da carga hor\u00e1ria do servidor p\u00fablico municipal tutor, curador ou respons\u00e1vel por pessoas com defici\u00eancia.<\/p>\n\n\n\n<p>O projeto prev\u00ea que ao servidor estatut\u00e1rio, que comprovadamente seja c\u00f4njuge, pai, m\u00e3e, tutor, curador ou respons\u00e1vel pela cria\u00e7\u00e3o, educa\u00e7\u00e3o e prote\u00e7\u00e3o de pessoas com necessidades especiais, ser\u00e1 concedida redu\u00e7\u00e3o da jornada de trabalho por per\u00edodo de at\u00e9 30% (trinta por cento) de sua carga hor\u00e1ria normal cotidiana, sem preju\u00edzo de remunera\u00e7\u00e3o e carreira, enquanto perdurar a depend\u00eancia.<\/p>\n\n\n\n<p>O vereador explica que a redu\u00e7\u00e3o de carga hor\u00e1ria de que se trata esse Projeto de Lei depender\u00e1 de requerimento do interessado ao \u00f3rg\u00e3o em que estiver lotado e ser\u00e1 instru\u00eddo com documento oficial de identidade e atestado m\u00e9dico de que a pessoa com necessidades especiais encontra-se em tratamento e necessita de assist\u00eancia direta do requerente.<\/p>\n\n\n\n<p>Durante o per\u00edodo de gozo da redu\u00e7\u00e3o de carga hor\u00e1ria o servidor deve se abster de atividades remuneradas, sob pena de interrup\u00e7\u00e3o do benef\u00edcio, com perda total dos vencimentos ou remunera\u00e7\u00e3o, at\u00e9 que reassuma a carga hor\u00e1ria integral do cargo.<\/p>\n\n\n\n<p>Ao justificar a sua proposta, o vereador Romivaldo Martins argumentou que a Conven\u00e7\u00e3o Internacional dos Direitos das Pessoas com Defici\u00eancia, prescreve que \u201cem todas as a\u00e7\u00f5es relativas \u00e0s crian\u00e7as com defici\u00eancia, o superior interesse da crian\u00e7a receber\u00e1 considera\u00e7\u00e3o primordial\u201d (Art. 7o, 2). Os princ\u00edpios que regem a Conven\u00e7\u00e3o visam propiciar as crian\u00e7as as melhores oportunidades de desenvolvimento. A redu\u00e7\u00e3o de jornada \u00e9 uma adapta\u00e7\u00e3o razo\u00e1vel.<\/p>\n\n\n\n<p>\u201c\u00c9 imprescind\u00edvel que a legisla\u00e7\u00e3o se ad\u00e9que \u00e0s normas constitucionais, inclu\u00eddos os termos da Conven\u00e7\u00e3o, e estenda a possibilidade de redu\u00e7\u00e3o da jornada de trabalho a todos os servidores que possuam dependentes com qualquer tipo de defici\u00eancia\u201d , concluiu o vereador.<\/p>\n\n\n\n<figure class=\"wp-block-image\"><img decoding=\"async\" src=\"https:\/\/portaldoamaral.com.br\/wp-content\/uploads\/2021\/09\/Romivaldo-1.jpeg\" alt=\"\"\/><figcaption><strong><em>Vereador Romivaldo Martins, autor da proposta (Foto: Zacarias Martins).<\/em><\/strong><\/figcaption><\/figure>\n","protected":false},"excerpt":{"rendered":"<p>Por Zacarias Martins A C\u00e2mara Municipal de Lagoa da Confus\u00e3o, aprovou o Projeto de Lei n\u00ba 006\/2021, de autoria do vereador Romivaldo Martins (SD), que disp\u00f5e sobre a redu\u00e7\u00e3o da carga hor\u00e1ria do servidor p\u00fablico municipal tutor, curador ou respons\u00e1vel por pessoas com defici\u00eancia. O projeto prev\u00ea que ao servidor estatut\u00e1rio, que comprovadamente seja c\u00f4njuge, &hellip;<\/p>\n","protected":false},"author":5,"featured_media":1729,"comment_status":"open","ping_status":"open","sticky":false,"template":"","format":"standard","meta":{"footnotes":""},"categories":[1],"tags":[],"class_list":["post-1725","post","type-post","status-publish","format-standard","has-post-thumbnail","","category-sem-categoria"],"_links":{"self":[{"href":"https:\/\/focotocantinense.com.br\/index.php?rest_route=\/wp\/v2\/posts\/1725","targetHints":{"allow":["GET"]}}],"collection":[{"href":"https:\/\/focotocantinense.com.br\/index.php?rest_route=\/wp\/v2\/posts"}],"about":[{"href":"https:\/\/focotocantinense.com.br\/index.php?rest_route=\/wp\/v2\/types\/post"}],"author":[{"embeddable":true,"href":"https:\/\/focotocantinense.com.br\/index.php?rest_route=\/wp\/v2\/users\/5"}],"replies":[{"embeddable":true,"href":"https:\/\/focotocantinense.com.br\/index.php?rest_route=%2Fwp%2Fv2%2Fcomments&post=1725"}],"version-history":[{"count":2,"href":"https:\/\/focotocantinense.com.br\/index.php?rest_route=\/wp\/v2\/posts\/1725\/revisions"}],"predecessor-version":[{"id":1728,"href":"https:\/\/focotocantinense.com.br\/index.php?rest_route=\/wp\/v2\/posts\/1725\/revisions\/1728"}],"wp:featuredmedia":[{"embeddable":true,"href":"https:\/\/focotocantinense.com.br\/index.php?rest_route=\/wp\/v2\/media\/1729"}],"wp:attachment":[{"href":"https:\/\/focotocantinense.com.br\/index.php?rest_route=%2Fwp%2Fv2%2Fmedia&parent=1725"}],"wp:term":[{"taxonomy":"category","embeddable":true,"href":"https:\/\/focotocantinense.com.br\/index.php?rest_route=%2Fwp%2Fv2%2Fcategories&post=1725"},{"taxonomy":"post_tag","embeddable":true,"href":"https:\/\/focotocantinense.com.br\/index.php?rest_route=%2Fwp%2Fv2%2Ftags&post=1725"}],"curies":[{"name":"wp","href":"https:\/\/api.w.org\/{rel}","templated":true}]}}