{"id":1720,"date":"2021-09-17T17:09:55","date_gmt":"2021-09-17T20:09:55","guid":{"rendered":"https:\/\/focotocantinense.com.br\/?p=1720"},"modified":"2021-09-17T17:11:07","modified_gmt":"2021-09-17T20:11:07","slug":"abertas-as-inscricoes-para-o-ii-simposio-da-regiao-norte-de-doencas-emergentes-e-reemergentes","status":"publish","type":"post","link":"https:\/\/focotocantinense.com.br\/?p=1720","title":{"rendered":"Abertas as inscri\u00e7\u00f5es para o II Simp\u00f3sio da Regi\u00e3o Norte de Doen\u00e7as Emergentes e Reemergentes"},"content":{"rendered":"\n<p><br>O Hospital de Doen\u00e7as Tropicais da Universidade Federal do Tocantins (HDT-UFT), institui\u00e7\u00e3o filiada \u00e0 Rede da Empresa Brasileira de Servi\u00e7os Hospitalares (Ebserh), est\u00e1 com inscri\u00e7\u00f5es abertas&nbsp; para participa\u00e7\u00e3o no II SIREDEE e no I SEVISP. O evento ser\u00e1 realizado nos dias 19 a 21 de outubro, de forma virtual, por meio da Plataforma Teams. Acesse o site para mais informa\u00e7\u00f5es (https:\/\/siredeevigsaude.wixsite.com\/hdt-uft).<\/p>\n\n\n\n<p>Podem se inscrever profissionais, estudantes e pesquisadores da Rede Ebserh, de qualquer Institui\u00e7\u00e3o de Ensino Superior (IES), e de outras institui\u00e7\u00f5es de sa\u00fade. A taxa simb\u00f3lica para efetiva\u00e7\u00e3o da inscri\u00e7\u00e3o \u00e9 de R$ 35,00. O valor ser\u00e1 utilizado para a realiza\u00e7\u00e3o da a\u00e7\u00e3o HDT-UFT Solid\u00e1rio, juntamente com o Centro Acad\u00eamico de Medicina da Universidade Federal do Norte do Tocantins (UFNT). O envio de trabalhos poder\u00e1 ser feito at\u00e9 o dia 1\u00ba de outubro, e n\u00e3o haver\u00e1 custo adicional.<\/p>\n\n\n\n<p><strong>Objetivo<\/strong><\/p>\n\n\n\n<p>O objetivo da iniciativa &nbsp;\u00e9 agregar pesquisadores e socializar saberes e pr\u00e1ticas sobre Vigil\u00e2ncia em Sa\u00fade, Seguran\u00e7a do Paciente e Doen\u00e7as Emergentes e Reemergentes no contexto da Pandemia da Covid-19, formando uma rede de coopera\u00e7\u00e3o e minimizando os problemas de sa\u00fade p\u00fablica.<\/p>\n\n\n\n<p>Ser\u00e3o ofertados palestras, debates, minicursos e apresenta\u00e7\u00e3o de trabalhos. Durante o evento, ocorrer\u00e1 o lan\u00e7amento do livro \u201cDoen\u00e7as Infectocontagiosas e o Controle de Infec\u00e7\u00e3o Hospitalar: desafios em Tempos de Pandemia\u201d, realizado a partir das experi\u00eancias compartilhadas com diversas categorias profissionais.<\/p>\n\n\n\n<p><strong>Sobre a Rede Ebserh<\/strong><\/p>\n\n\n\n<p>O HDT-UFT faz parte da Rede Ebserh desde fevereiro de 2015. Vinculada ao Minist\u00e9rio da Educa\u00e7\u00e3o (MEC), a Empresa Brasileira de Servi\u00e7os Hospitalares (Ebserh) foi criada em 2011 e, atualmente, administra 40 hospitais universit\u00e1rios federais, apoiando e impulsionando suas atividades por meio de uma gest\u00e3o de excel\u00eancia.<\/p>\n\n\n\n<p>Como hospitais vinculados a universidades federais, essas unidades t\u00eam caracter\u00edsticas espec\u00edficas: atendem pacientes do Sistema \u00danico de Sa\u00fade (SUS), e, principalmente, apoiam a forma\u00e7\u00e3o de profissionais de sa\u00fade e o desenvolvimento de pesquisas. Devido a essa natureza educacional, os hospitais universit\u00e1rios s\u00e3o campos de forma\u00e7\u00e3o de profissionais de sa\u00fade. Com isso, a Rede de Hospitais Universit\u00e1rios Federais atua de forma complementar ao SUS, n\u00e3o sendo respons\u00e1vel pela totalidade dos atendimentos de sa\u00fade do pa\u00eds.<\/p>\n\n\n\n<p><strong><a href=\"https:\/\/www.gov.br\/ebserh\/pt-br\/hospitais-universitarios\/regiao-norte\/hdt-uft\/comunicacao\/noticias\/hdt-uft-inscreve-para-submissao-de-trabalhos-no-ii-simposio-siredee-e-i-seminario-sevisp-do-hdt-uft-segue-ate-dia-13\/FolderSimposio.pdf\">Clique&nbsp; aqui para ter acesso \u00e0&nbsp; programa\u00e7\u00e3o do evento.<\/a><\/strong><\/p>\n\n\n\n<figure class=\"wp-block-image\"><img decoding=\"async\" src=\"https:\/\/www.n1to.com.br\/img\/cache\/800x400\/80\/crop\/Imagem-afa8d44e7c0ff382a04075822b932868.jpg\" alt=\"\"\/><\/figure>\n","protected":false},"excerpt":{"rendered":"<p>O Hospital de Doen\u00e7as Tropicais da Universidade Federal do Tocantins (HDT-UFT), institui\u00e7\u00e3o filiada \u00e0 Rede da Empresa Brasileira de Servi\u00e7os Hospitalares (Ebserh), est\u00e1 com inscri\u00e7\u00f5es abertas&nbsp; para participa\u00e7\u00e3o no II SIREDEE e no I SEVISP. O evento ser\u00e1 realizado nos dias 19 a 21 de outubro, de forma virtual, por meio da Plataforma Teams. Acesse &hellip;<\/p>\n","protected":false},"author":5,"featured_media":1722,"comment_status":"open","ping_status":"open","sticky":false,"template":"","format":"standard","meta":{"footnotes":""},"categories":[1],"tags":[],"class_list":["post-1720","post","type-post","status-publish","format-standard","has-post-thumbnail","","category-sem-categoria"],"_links":{"self":[{"href":"https:\/\/focotocantinense.com.br\/index.php?rest_route=\/wp\/v2\/posts\/1720","targetHints":{"allow":["GET"]}}],"collection":[{"href":"https:\/\/focotocantinense.com.br\/index.php?rest_route=\/wp\/v2\/posts"}],"about":[{"href":"https:\/\/focotocantinense.com.br\/index.php?rest_route=\/wp\/v2\/types\/post"}],"author":[{"embeddable":true,"href":"https:\/\/focotocantinense.com.br\/index.php?rest_route=\/wp\/v2\/users\/5"}],"replies":[{"embeddable":true,"href":"https:\/\/focotocantinense.com.br\/index.php?rest_route=%2Fwp%2Fv2%2Fcomments&post=1720"}],"version-history":[{"count":2,"href":"https:\/\/focotocantinense.com.br\/index.php?rest_route=\/wp\/v2\/posts\/1720\/revisions"}],"predecessor-version":[{"id":1723,"href":"https:\/\/focotocantinense.com.br\/index.php?rest_route=\/wp\/v2\/posts\/1720\/revisions\/1723"}],"wp:featuredmedia":[{"embeddable":true,"href":"https:\/\/focotocantinense.com.br\/index.php?rest_route=\/wp\/v2\/media\/1722"}],"wp:attachment":[{"href":"https:\/\/focotocantinense.com.br\/index.php?rest_route=%2Fwp%2Fv2%2Fmedia&parent=1720"}],"wp:term":[{"taxonomy":"category","embeddable":true,"href":"https:\/\/focotocantinense.com.br\/index.php?rest_route=%2Fwp%2Fv2%2Fcategories&post=1720"},{"taxonomy":"post_tag","embeddable":true,"href":"https:\/\/focotocantinense.com.br\/index.php?rest_route=%2Fwp%2Fv2%2Ftags&post=1720"}],"curies":[{"name":"wp","href":"https:\/\/api.w.org\/{rel}","templated":true}]}}