{"id":1716,"date":"2021-09-17T08:55:45","date_gmt":"2021-09-17T11:55:45","guid":{"rendered":"https:\/\/focotocantinense.com.br\/?p=1716"},"modified":"2021-09-17T09:00:55","modified_gmt":"2021-09-17T12:00:55","slug":"vereador-delegado-tiago-daniel-defende-a-criacao-da-escola-do-legislativo-em-tocantinopolis","status":"publish","type":"post","link":"https:\/\/focotocantinense.com.br\/?p=1716","title":{"rendered":"Vereador Delegado Tiago Daniel defende a cria\u00e7\u00e3o da Escola do Legislativo em Tocantin\u00f3polis"},"content":{"rendered":"\n<p><strong>Por Zacarias Martins<\/strong><\/p>\n\n\n\n<p>O vereador Delegado Tiago Daniel (PTB), apresentou Projeto de Resolu\u00e7\u00e3o, onde pretende criar &nbsp;no \u00e2mbito da C\u00e2mara Municipal de Tocantin\u00f3polis, &nbsp;a Escola do Legislativo, com o objetivo de oferecer suporte conceitual de natureza t\u00e9cnico-administrativa \u00e0s atividades legislativas e afins, naquele munic\u00edpio.<\/p>\n\n\n\n<p>O parlamentar&nbsp; argumenta &nbsp;que &nbsp;o&nbsp;projeto de resolu\u00e7\u00e3o de sua autoria&nbsp; dispensaria qualquer justificativa devido \u00e0 import\u00e2ncia de que se reveste para o aumento da qualidade e aperfei\u00e7oamento dos trabalhos parlamentares desenvolvidos pelo Legislativo de Tocantin\u00f3polis, &nbsp;ressaltando que a Escola do Legislativo aproxima o cidad\u00e3o das atividades parlamentares e administrativas do setor p\u00fablico, principalmente a classe estudantil, que tem demonstrado amplo interesse em conhecer de perto os trabalhos desenvolvidos pelos vereadores, bem como todo o funcionamento dos poderes Legislativo e Executivo.<\/p>\n\n\n\n<p>\u201cAdemais, estamos certos de que, com a aprova\u00e7\u00e3o deste projeto, mais um passo \u00e9 dado em favor da renova\u00e7\u00e3o do Poder Legislativo de Tocantin\u00f3polis, possibilitando o surgimento de ideias inovadoras decorrentes da aproxima\u00e7\u00e3o da sociedade ao poder p\u00fablico, que ser\u00e1, sem d\u00favida, ampliada por meio dos encontros e debates na Escola do Legislativo\u201d, afirmou Delegado Tiago.<\/p>\n\n\n\n<p>Finalizando, o vereador&nbsp; ainda argumenta que o interc\u00e2mbio com diversos governos municipais e estaduais, com as institui\u00e7\u00f5es regulares de ensino possibilitar\u00e1 o debate salutar, onde doutrinas e opini\u00f5es ser\u00e3o confrontadas, possibilitando a assimila\u00e7\u00e3o das melhores propostas e exposi\u00e7\u00e3o da excel\u00eancia do trabalho desenvolvido pela C\u00e2mara Municipal de Tocantin\u00f3polis.<\/p>\n\n\n\n<p><\/p>\n\n\n\n<figure class=\"wp-block-image\"><img decoding=\"async\" src=\"https:\/\/portaldoamaral.com.br\/wp-content\/uploads\/2021\/09\/5-Vereador-Delegado-Tiago-de-Tocantinopolis.jpg\" alt=\"\"\/><\/figure>\n","protected":false},"excerpt":{"rendered":"<p>Por Zacarias Martins O vereador Delegado Tiago Daniel (PTB), apresentou Projeto de Resolu\u00e7\u00e3o, onde pretende criar &nbsp;no \u00e2mbito da C\u00e2mara Municipal de Tocantin\u00f3polis, &nbsp;a Escola do Legislativo, com o objetivo de oferecer suporte conceitual de natureza t\u00e9cnico-administrativa \u00e0s atividades legislativas e afins, naquele munic\u00edpio. O parlamentar&nbsp; argumenta &nbsp;que &nbsp;o&nbsp;projeto de resolu\u00e7\u00e3o de sua autoria&nbsp; dispensaria &hellip;<\/p>\n","protected":false},"author":5,"featured_media":1718,"comment_status":"open","ping_status":"open","sticky":false,"template":"","format":"standard","meta":{"footnotes":""},"categories":[1],"tags":[],"class_list":["post-1716","post","type-post","status-publish","format-standard","has-post-thumbnail","","category-sem-categoria"],"_links":{"self":[{"href":"https:\/\/focotocantinense.com.br\/index.php?rest_route=\/wp\/v2\/posts\/1716","targetHints":{"allow":["GET"]}}],"collection":[{"href":"https:\/\/focotocantinense.com.br\/index.php?rest_route=\/wp\/v2\/posts"}],"about":[{"href":"https:\/\/focotocantinense.com.br\/index.php?rest_route=\/wp\/v2\/types\/post"}],"author":[{"embeddable":true,"href":"https:\/\/focotocantinense.com.br\/index.php?rest_route=\/wp\/v2\/users\/5"}],"replies":[{"embeddable":true,"href":"https:\/\/focotocantinense.com.br\/index.php?rest_route=%2Fwp%2Fv2%2Fcomments&post=1716"}],"version-history":[{"count":2,"href":"https:\/\/focotocantinense.com.br\/index.php?rest_route=\/wp\/v2\/posts\/1716\/revisions"}],"predecessor-version":[{"id":1719,"href":"https:\/\/focotocantinense.com.br\/index.php?rest_route=\/wp\/v2\/posts\/1716\/revisions\/1719"}],"wp:featuredmedia":[{"embeddable":true,"href":"https:\/\/focotocantinense.com.br\/index.php?rest_route=\/wp\/v2\/media\/1718"}],"wp:attachment":[{"href":"https:\/\/focotocantinense.com.br\/index.php?rest_route=%2Fwp%2Fv2%2Fmedia&parent=1716"}],"wp:term":[{"taxonomy":"category","embeddable":true,"href":"https:\/\/focotocantinense.com.br\/index.php?rest_route=%2Fwp%2Fv2%2Fcategories&post=1716"},{"taxonomy":"post_tag","embeddable":true,"href":"https:\/\/focotocantinense.com.br\/index.php?rest_route=%2Fwp%2Fv2%2Ftags&post=1716"}],"curies":[{"name":"wp","href":"https:\/\/api.w.org\/{rel}","templated":true}]}}