{"id":1713,"date":"2021-09-11T18:53:22","date_gmt":"2021-09-11T21:53:22","guid":{"rendered":"https:\/\/focotocantinense.com.br\/?p=1713"},"modified":"2021-09-11T18:56:07","modified_gmt":"2021-09-11T21:56:07","slug":"moradores-de-tocantinia-podem-se-vacinar-contra-covid-19-durante-dia-d-da-vacina-neste-sabado","status":"publish","type":"post","link":"https:\/\/focotocantinense.com.br\/?p=1713","title":{"rendered":"Moradores de Tocant\u00ednia podem se vacinar contra Covid-19 durante \u201cDia D da Vacina\u201d neste s\u00e1bado"},"content":{"rendered":"\n<p>A prefeitura de Tocant\u00ednia por meio da Secretaria Municipal de Sa\u00fade (SEMUS) realiza neste s\u00e1bado (11), o \u201cDia D da Vacina\u201d na UBS e Academia da Sa\u00fade no Setor Aeroporto. Podem ser vacinadas pessoas com idade a partir de 12 anos contra a Covid-19. Al\u00e9m disso, a campanha tamb\u00e9m atender\u00e1 o p\u00fablico que precisa tomar a segunda dose da vacina e o refor\u00e7o&nbsp;para pessoas de 70 anos acima com mais de seis meses, ap\u00f3s ter tomado a segunda dose.<\/p>\n\n\n\n<p>Os menores que forem se imunizar precisam estar acompanhados dos pais ou respons\u00e1veis, al\u00e9m de levar documento com foto, CPF e carteira de vacina\u00e7\u00e3o para apresentar aos profissionais de Sa\u00fade.<\/p>\n\n\n\n<p>Na sexta-feira (10), a Secretaria de Sa\u00fade do munic\u00edpio divulgou o boletim epidemiol\u00f3gico zerado aos casos ativos da Covid-19 depois que o quadro chegou a 946 casos confirmados.<\/p>\n\n\n\n<p>A secret\u00e1ria de Sa\u00fade Maria Zenite Cardoso destacou as medidas preventivas decretado pelo prefeito Manoel Silvino de acordo com as recomenda\u00e7\u00f5es da Organiza\u00e7\u00e3o Mundial de Sa\u00fade (OMS) e do Minist\u00e9rio da Sa\u00fade (MS), com empenho dos profissionais de sa\u00fade da linha de frente e posterior vacina\u00e7\u00e3o da popula\u00e7\u00e3o com imunizante ao Covid-19, foi poss\u00edvel controlar e zerar os casos positivos no munic\u00edpio. &nbsp;<\/p>\n\n\n\n<figure class=\"wp-block-image\"><img decoding=\"async\" src=\"http:\/\/n1to.com.br\/img\/uploads\/foto_2_1.jpg\" alt=\"\"\/><\/figure>\n","protected":false},"excerpt":{"rendered":"<p>A prefeitura de Tocant\u00ednia por meio da Secretaria Municipal de Sa\u00fade (SEMUS) realiza neste s\u00e1bado (11), o \u201cDia D da Vacina\u201d na UBS e Academia da Sa\u00fade no Setor Aeroporto. Podem ser vacinadas pessoas com idade a partir de 12 anos contra a Covid-19. Al\u00e9m disso, a campanha tamb\u00e9m atender\u00e1 o p\u00fablico que precisa tomar &hellip;<\/p>\n","protected":false},"author":5,"featured_media":1715,"comment_status":"open","ping_status":"open","sticky":false,"template":"","format":"standard","meta":{"footnotes":""},"categories":[1],"tags":[],"class_list":["post-1713","post","type-post","status-publish","format-standard","has-post-thumbnail","","category-sem-categoria"],"_links":{"self":[{"href":"https:\/\/focotocantinense.com.br\/index.php?rest_route=\/wp\/v2\/posts\/1713","targetHints":{"allow":["GET"]}}],"collection":[{"href":"https:\/\/focotocantinense.com.br\/index.php?rest_route=\/wp\/v2\/posts"}],"about":[{"href":"https:\/\/focotocantinense.com.br\/index.php?rest_route=\/wp\/v2\/types\/post"}],"author":[{"embeddable":true,"href":"https:\/\/focotocantinense.com.br\/index.php?rest_route=\/wp\/v2\/users\/5"}],"replies":[{"embeddable":true,"href":"https:\/\/focotocantinense.com.br\/index.php?rest_route=%2Fwp%2Fv2%2Fcomments&post=1713"}],"version-history":[{"count":1,"href":"https:\/\/focotocantinense.com.br\/index.php?rest_route=\/wp\/v2\/posts\/1713\/revisions"}],"predecessor-version":[{"id":1714,"href":"https:\/\/focotocantinense.com.br\/index.php?rest_route=\/wp\/v2\/posts\/1713\/revisions\/1714"}],"wp:featuredmedia":[{"embeddable":true,"href":"https:\/\/focotocantinense.com.br\/index.php?rest_route=\/wp\/v2\/media\/1715"}],"wp:attachment":[{"href":"https:\/\/focotocantinense.com.br\/index.php?rest_route=%2Fwp%2Fv2%2Fmedia&parent=1713"}],"wp:term":[{"taxonomy":"category","embeddable":true,"href":"https:\/\/focotocantinense.com.br\/index.php?rest_route=%2Fwp%2Fv2%2Fcategories&post=1713"},{"taxonomy":"post_tag","embeddable":true,"href":"https:\/\/focotocantinense.com.br\/index.php?rest_route=%2Fwp%2Fv2%2Ftags&post=1713"}],"curies":[{"name":"wp","href":"https:\/\/api.w.org\/{rel}","templated":true}]}}