{"id":1690,"date":"2021-09-06T11:22:23","date_gmt":"2021-09-06T14:22:23","guid":{"rendered":"https:\/\/focotocantinense.com.br\/?p=1690"},"modified":"2021-09-06T11:43:30","modified_gmt":"2021-09-06T14:43:30","slug":"secretaria-de-educacao-de-tocantinia-promove-live-para-comemorar-o-dia-da-independencia","status":"publish","type":"post","link":"https:\/\/focotocantinense.com.br\/?p=1690","title":{"rendered":"Secretaria de Educa\u00e7\u00e3o de Tocant\u00ednia promove live para comemorar o Dia da independ\u00eancia"},"content":{"rendered":"\n<p><strong>Por Leontina Martins<\/strong><\/p>\n\n\n\n<p>A Prefeitura de Tocant\u00ednia por meio da Secretaria Municipal de Educa\u00e7\u00e3o (Semed), tem a honra de convidar a comunidade de Tocant\u00ednia e a todos os alunos da Rede Municipal de Ensino, para assistir a Live Especial da semana da P\u00e1tria, que acontecer\u00e1 neste dia 07 de setembro, ao meio-dia.<\/p>\n\n\n\n<p>O secret\u00e1rio de Educa\u00e7\u00e3o do munic\u00edpio, professor Andr\u00e9 Goveia, informa que o evento ser\u00e1\u00a0 \u00a0transmitido pelo <strong><a href=\"https:\/\/www.youtube.com\/channel\/UCip5kMKN1EbpktTRA8FrBww\" data-type=\"URL\" data-id=\"https:\/\/www.youtube.com\/channel\/UCip5kMKN1EbpktTRA8FrBww\" target=\"_blank\" rel=\"noreferrer noopener\">canal do YouTube da Secretaria Municipal de Educa\u00e7\u00e3o de Tocant\u00ednia.<\/a><\/strong><\/p>\n\n\n\n<p><strong>Feriado<\/strong><\/p>\n\n\n\n<p>O 7 de setembro \u00e9 um dia extremamente importante para a nossa hist\u00f3ria. A mem\u00f3ria coletiva em nosso pa\u00eds consolidou essa data como o dia em que d. Pedro realizou o grito da nossa independ\u00eancia, sendo esse acontecimento um&nbsp;<strong>marco de funda\u00e7\u00e3o<\/strong>&nbsp;de nosso pa\u00eds.<\/p>\n\n\n\n<p>A import\u00e2ncia da data \u00e9 facilmente identificada pelo fato de que ela \u00e9 um\u00a0<strong>feriado nacional<\/strong>\u00a0e \u00e9 um dos tr\u00eas feriados que comemoram acontecimentos marcantes da hist\u00f3ria brasileira (os outros s\u00e3o o\u00a0<a href=\"https:\/\/brasilescola.uol.com.br\/datas-comemorativas\/tiradentes.htm\">Dia de Tiradentes<\/a>\u00a0e o\u00a0<a href=\"https:\/\/brasilescola.uol.com.br\/datas-comemorativas\/dia-da-proclamacao-da-republica.htm\">Dia da Proclama\u00e7\u00e3o da Rep\u00fablica<\/a>).<\/p>\n\n\n\n<figure class=\"wp-block-image\"><img decoding=\"async\" src=\"https:\/\/www.n1to.com.br\/img\/cache\/800x400\/80\/crop\/Imagem-df582a86090d567e59d5467758a5e8ab.jpg\" alt=\"\"\/><\/figure>\n\n\n\n<figure class=\"wp-block-image is-resized\"><img loading=\"lazy\" decoding=\"async\" src=\"https:\/\/colegiopedroerafael.com.br\/wp-content\/uploads\/2018\/09\/bandeira-brasil.jpg\" alt=\"Qual a import\u00e2ncia do dia da independ\u00eancia, 7 de setembro? - Col\u00e9gio Pedro  e Rafael\" width=\"800\" height=\"532\"\/><\/figure>\n","protected":false},"excerpt":{"rendered":"<p>Por Leontina Martins A Prefeitura de Tocant\u00ednia por meio da Secretaria Municipal de Educa\u00e7\u00e3o (Semed), tem a honra de convidar a comunidade de Tocant\u00ednia e a todos os alunos da Rede Municipal de Ensino, para assistir a Live Especial da semana da P\u00e1tria, que acontecer\u00e1 neste dia 07 de setembro, ao meio-dia. O secret\u00e1rio de &hellip;<\/p>\n","protected":false},"author":5,"featured_media":1694,"comment_status":"open","ping_status":"open","sticky":false,"template":"","format":"standard","meta":{"footnotes":""},"categories":[1],"tags":[],"class_list":["post-1690","post","type-post","status-publish","format-standard","has-post-thumbnail","","category-sem-categoria"],"_links":{"self":[{"href":"https:\/\/focotocantinense.com.br\/index.php?rest_route=\/wp\/v2\/posts\/1690","targetHints":{"allow":["GET"]}}],"collection":[{"href":"https:\/\/focotocantinense.com.br\/index.php?rest_route=\/wp\/v2\/posts"}],"about":[{"href":"https:\/\/focotocantinense.com.br\/index.php?rest_route=\/wp\/v2\/types\/post"}],"author":[{"embeddable":true,"href":"https:\/\/focotocantinense.com.br\/index.php?rest_route=\/wp\/v2\/users\/5"}],"replies":[{"embeddable":true,"href":"https:\/\/focotocantinense.com.br\/index.php?rest_route=%2Fwp%2Fv2%2Fcomments&post=1690"}],"version-history":[{"count":6,"href":"https:\/\/focotocantinense.com.br\/index.php?rest_route=\/wp\/v2\/posts\/1690\/revisions"}],"predecessor-version":[{"id":1698,"href":"https:\/\/focotocantinense.com.br\/index.php?rest_route=\/wp\/v2\/posts\/1690\/revisions\/1698"}],"wp:featuredmedia":[{"embeddable":true,"href":"https:\/\/focotocantinense.com.br\/index.php?rest_route=\/wp\/v2\/media\/1694"}],"wp:attachment":[{"href":"https:\/\/focotocantinense.com.br\/index.php?rest_route=%2Fwp%2Fv2%2Fmedia&parent=1690"}],"wp:term":[{"taxonomy":"category","embeddable":true,"href":"https:\/\/focotocantinense.com.br\/index.php?rest_route=%2Fwp%2Fv2%2Fcategories&post=1690"},{"taxonomy":"post_tag","embeddable":true,"href":"https:\/\/focotocantinense.com.br\/index.php?rest_route=%2Fwp%2Fv2%2Ftags&post=1690"}],"curies":[{"name":"wp","href":"https:\/\/api.w.org\/{rel}","templated":true}]}}