{"id":1687,"date":"2021-09-04T15:40:03","date_gmt":"2021-09-04T18:40:03","guid":{"rendered":"https:\/\/focotocantinense.com.br\/?p=1687"},"modified":"2021-09-04T15:41:04","modified_gmt":"2021-09-04T18:41:04","slug":"semana-do-governador-carlesse-e-marcada-por-lancamentos-de-obras-estruturantes-em-rodovias-estrategicas-desenvolvimento-economico-e-regularizacao-fundiaria","status":"publish","type":"post","link":"https:\/\/focotocantinense.com.br\/?p=1687","title":{"rendered":"Semana do Governador Carlesse \u00e9 marcada por lan\u00e7amentos de obras estruturantes em rodovias estrat\u00e9gicas, desenvolvimento econ\u00f4mico e regulariza\u00e7\u00e3o fundi\u00e1ria"},"content":{"rendered":"\n<p>A agenda de trabalho do governador do Estado do Tocantins, Mauro Carlesse, foi marcada esta semana por a\u00e7\u00f5es na capital e no interior. Ele entregou viaturas \u00e0 Pol\u00edcia Militar, discutiu pol\u00edticas p\u00fablicas voltadas para as crian\u00e7as e adolescentes com representantes do Fundo das Na\u00e7\u00f5es Unidas para a Inf\u00e2ncia (Unicef) e percorreu v\u00e1rios munic\u00edpios, onde autorizou a implanta\u00e7\u00e3o e reconstru\u00e7\u00e3o de rodovias, entregou kits de alimentos e t\u00edtulos definitivos de terras.<\/p>\n\n\n\n<p><strong>Viaturas<\/strong><\/p>\n\n\n\n<p>Na segunda-feira, 30, o gestor ampliou a frota de viaturas da Pol\u00edcia Militar do Tocantins (PMTO), com a distribui\u00e7\u00e3o de 54 novos ve\u00edculos para unidades de Palmas e diversos outros munic\u00edpios do interior do Estado. Os ve\u00edculos t\u00eam nova identidade visual, s\u00e3o dotados de cela adaptada no porta-malas e j\u00e1 podem ser utilizados no refor\u00e7o policial. O governador Mauro Carlesse afirmou que a renova\u00e7\u00e3o da frota da Pol\u00edcia Militar \u00e9 resultado do esfor\u00e7o da Gest\u00e3o e do reconhecimento da necessidade de proporcionar melhores condi\u00e7\u00f5es de trabalho aos profissionais da Seguran\u00e7a P\u00fablica.<\/p>\n\n\n\n<p><strong>Unicef<\/strong><\/p>\n\n\n\n<p>Na ter\u00e7a-feira, 31, o governador Carlesse recebeu representantes da Unicef com o objetivo de definir as principais agendas que ser\u00e3o trabalhadas no Estado do Tocantins para a garantia dos direitos de crian\u00e7as e adolescentes. Entre os pontos abordados, est\u00e3o a redu\u00e7\u00e3o da taxa de abandono escolar, amplia\u00e7\u00e3o da cobertura vacinal e a preven\u00e7\u00e3o de gravidez na adolesc\u00eancia. At\u00e9 o ano de 2024, pelo menos 99 munic\u00edpios do Tocantins dever\u00e3o desenvolver ou melhorar suas pol\u00edticas p\u00fablicas voltadas para crian\u00e7as e adolescentes, para assim garantirem o Selo Unicef.<\/p>\n\n\n\n<p><strong>Investimentos<\/strong><\/p>\n\n\n\n<p>O Governador tamb\u00e9m recebeu representantes da Votorantim Cimentos, que apresentaram um plano de investimentos no Estado, principalmente na f\u00e1brica localizada na cidade de Xambio\u00e1. A empresa opera no Tocantins h\u00e1 mais de dez anos e, para os pr\u00f3ximos quatro anos, planeja investir R$ 30 milh\u00f5es na moderniza\u00e7\u00e3o da sua f\u00e1brica.<\/p>\n\n\n\n<p>O diretor financeiro da Votorantim Cimentos no Brasil, Eduardo Costa de Almeida, disse que a empresa tem tomado todas as provid\u00eancias com os \u00f3rg\u00e3os competentes do Governo do Tocantins, no sentido de pleitear um prolongamento do incentivo fiscal do Programa de Industrializa\u00e7\u00e3o Direcionada (Proind\u00fastria), que visa estimular a instala\u00e7\u00e3o de ind\u00fastrias no Tocantins. O governador Mauro Carlesse salientou que \u00e9 interesse do Governo fazer com que as empresas invistam cada vez mais no Estado, mas que a rela\u00e7\u00e3o de benef\u00edcios tem que ser de benef\u00edcios tem que ser m\u00fatua.<\/p>\n\n\n\n<p><strong>BNDES<\/strong><\/p>\n\n\n\n<p>Na quarta-feira, 1\u00ba de setembro, o Governador participou de uma reuni\u00e3o por v\u00eddeoconfer\u00eancia com o presidente do Banco Nacional de Desenvolvimento (BNDES), Gustavo Montezano. O objetivo foi discutir uma agenda de di\u00e1logos p\u00fablicos com a sociedade tocantinense para tratar da concess\u00e3o dos Parques Estaduais do Jalap\u00e3o, Cant\u00e3o, Lajeado e Monumento Natural das \u00c1rvores Fossilizadas.<\/p>\n\n\n\n<p>Durante a videoconfer\u00eancia, o presidente do BNDES, Gustavo Montezano, ressaltou que os di\u00e1logos p\u00fablicos ser\u00e3o transformadores para o Estado e o Brasil. \u201cEsse tema de concess\u00e3o dos ativos tur\u00edsticos permite um desenvolvimento regional e o desenvolvimento de toda a cadeia tur\u00edstica, demonstrando tamb\u00e9m a nossa capacidade de preserva\u00e7\u00e3o do meio ambiente. Ent\u00e3o esta agenda, n\u00e3o somente para o Tocantins, mas para todo o Brasil, ela \u00e9 transformacional\u201d, afirmou.<\/p>\n\n\n\n<p>O governador Mauro Carlesse destacou tamb\u00e9m que esta agenda permitir\u00e1 que a popula\u00e7\u00e3o tocantinense saiba dos investimentos que ser\u00e3o feitos na regi\u00e3o. \u201cCom esses di\u00e1logos p\u00fablicos, as pessoas entender\u00e3o que haver\u00e1 preserva\u00e7\u00e3o do meio ambiente, que os investimentos que chegarem ser\u00e3o reinvestidos na pr\u00f3pria regi\u00e3o do Jalap\u00e3o e n\u00f3s temos convic\u00e7\u00e3o de que este projeto vai ajudar a popula\u00e7\u00e3o\u201d, frisou. A agenda de di\u00e1logos p\u00fablicos faz parte do processo de concess\u00e3o que vem sendo desenvolvido pelo BNDES e pelo Governo do Tocantins, preconizando a participa\u00e7\u00e3o da sociedade.<\/p>\n\n\n\n<p>Ainda pela manh\u00e3, o Governador recebeu em seu Gabinete, no Pal\u00e1cio Araguaia, o superintendente de Governo e Relacionamento Institucional da institui\u00e7\u00e3o, Pedro Bruno Barros de Souza. O governador Mauro Carlesse tamb\u00e9m destacou que esta agenda permitir\u00e1 que a popula\u00e7\u00e3o tocantinense saiba dos investimentos que ser\u00e3o feitos na regi\u00e3o. \u201cCom esses di\u00e1logos p\u00fablicos, as pessoas entender\u00e3o que haver\u00e1 preserva\u00e7\u00e3o do meio ambiente, que os investimentos que chegarem ser\u00e3o reinvestidos na pr\u00f3pria regi\u00e3o do Jalap\u00e3o e n\u00f3s temos convic\u00e7\u00e3o de que este projeto vai ajudar a popula\u00e7\u00e3o\u201d, frisou.<\/p>\n\n\n\n<p>O superintendente de Governo e Relacionamento Institucional, Pedro Bruno, lembrou alguns casos de sucesso de parques administrados por meio de concess\u00e3o. \u201cOs mesmos debates e as quest\u00f5es levantadas, sobre a concess\u00e3o dos Parques do Tocantins, tamb\u00e9m foram feitos na \u00e9poca da concess\u00e3o do Parque Nacional do Igua\u00e7u, por exemplo e, hoje, n\u00f3s vemos que a rela\u00e7\u00e3o \u00e9 totalmente favor\u00e1vel e j\u00e1 dura 20 anos. A concess\u00e3o permitiu uma grande gera\u00e7\u00e3o de empregos e, atualmente, a economia da cidade gira, praticamente, em torno do parque\u201d, pontuou.<\/p>\n\n\n\n<p><strong>Lagoa da Confus\u00e3o<\/strong><\/p>\n\n\n\n<p>A tarde o governador tocantinense iniciou a agenda do programa Tocando em Frente no munic\u00edpio de Lagoa da Confus\u00e3o, onde atendeu uma antiga reivindica\u00e7\u00e3o do setor produtivo da regi\u00e3o, com a Ordem de Servi\u00e7o para in\u00edcio das obras de terraplanagem, obras de arte, drenagem e pavimenta\u00e7\u00e3o asf\u00e1ltica do trecho da rodovia TO- 255, entre a cidade de Lagoa da Confus\u00e3o e o porto de Barreira da Cruz (rio Java\u00e9s), na divisa com a Ilha do Bananal.<\/p>\n\n\n\n<p>O trecho conta com 47,25 km de extens\u00e3o e est\u00e1 or\u00e7ado em mais de R$ 47 milh\u00f5es. Al\u00e9m de favorecer o tr\u00e1fego de ve\u00edculos, a pavimenta\u00e7\u00e3o da rodovia vai reduzir o custo de produ\u00e7\u00e3o, facilitar o escoamento e proporcionar mais seguran\u00e7a para os usu\u00e1rios. Al\u00e9m disso, a rodovia \u00e9 um importante trajeto para o transporte escolar dos alunos da zona rural e das comunidades ind\u00edgenas da regi\u00e3o da Ilha do Bananal. Diariamente, cerca de 250 caminh\u00f5es trafegam pela estrada, transportando min\u00e9rios, como o calc\u00e1rio, e alimentos como melancia, arroz, feij\u00e3o e soja.<\/p>\n\n\n\n<p><strong>Rio Java\u00e9s<\/strong><\/p>\n\n\n\n<p>O governador Carlesse aproveitou a visita na Regi\u00e3o da Ilha do Bananal para, acompanhado de representantes da Companhia de Desenvolvimento dos Vales do S\u00e3o Francisco e do Parna\u00edba (Codevasf), fazer um sobrevoo ao longo do rio Java\u00e9s. O objetivo foi discutir solu\u00e7\u00f5es para os impactos nas esp\u00e9cies aqu\u00e1ticas e nas comunidades ribeirinhas que vivem ao longo do rio.<\/p>\n\n\n\n<p>Dentre os problemas identificados no rio Java\u00e9s est\u00e3o os bancos de areia, formados no leito do rio, em determinados per\u00edodos do ano, e sedimentos que impedem a passagem de \u00e1gua do Rio Araguaia para o Java\u00e9s.<\/p>\n\n\n\n<p><strong>Restaura\u00e7\u00e3o<\/strong><\/p>\n\n\n\n<p>J\u00e1 em Alian\u00e7a do Tocantins, o gestor assinou a Ordem de Servi\u00e7os para reconstru\u00e7\u00e3o do trecho da rodovia TO-070, que liga o munic\u00edpio \u00e0 cidade de Brejinho de Nazar\u00e9. Os recursos das obras, or\u00e7adas em mais de R$ 23 milh\u00f5es, s\u00e3o provenientes de financiamento do Banco Mundial, por meio do Projeto de Desenvolvimento Regional Sustent\u00e1vel (PDRIS) e a expectativa \u00e9 de que sejam conclu\u00eddas ainda este ano.<\/p>\n\n\n\n<p>Para o Governador, rodovias em boas condi\u00e7\u00f5es de trafegabilidade s\u00e3o essenciais para garantir a seguran\u00e7a dos usu\u00e1rios. \u201cReconstru\u00edmos o trecho que liga Brejinho a Porto Nacional e, agora, estamos autorizando esse outro trecho que liga Brejinho a Alian\u00e7a&#8221;, destacou o Governador.<\/p>\n\n\n\n<p><strong>Juventude Empreendedora<\/strong><\/p>\n\n\n\n<p>J\u00e1 em Gurupi, o governador Mauro Carlesse, acompanhado pela secret\u00e1ria de Estado da Educa\u00e7\u00e3o, Juventude e Esportes, Adriana Aguiar, realizou a certifica\u00e7\u00e3o dos jovens participantes do programa Juventude Empreendedora 2.1. No munic\u00edpio, 301 jovens participaram da capacita\u00e7\u00e3o ofertada pelo programa.<\/p>\n\n\n\n<p><strong>Kits de Alimentos<\/strong><\/p>\n\n\n\n<p>Tamb\u00e9m entregou kits de alimentos para os estudantes do munic\u00edpio matriculados na rede estadual de ensino. Ao todo, o Governo do Tocantins disponibilizou, por meio da Secretaria de Estado da Educa\u00e7\u00e3o, Juventude e Esportes (Seduc), 7.754 kits de alimentos aos estudantes.<\/p>\n\n\n\n<p>Esta \u00e9 a terceira etapa da a\u00e7\u00e3o, que atender\u00e1 152.549 estudantes em todo o Estado. Com esta entrega, todos os 17 munic\u00edpios que integram a Diretoria Regional de Educa\u00e7\u00e3o, Juventude e Esportes (DRE) de Gurupi passam a ter \u00e0 sua disposi\u00e7\u00e3o os kits de alimentos.<\/p>\n\n\n\n<p><strong>Acompanhamento Esportivo e Escolar<\/strong><\/p>\n\n\n\n<p>Ainda em Gurupi, Mauro Carlesse lan\u00e7ou o programa Monitoria e Acompanhamento Esportivo e Escolar (MAEE), que vai ofertar oportunidades de acesso \u00e0 pr\u00e1tica esportiva em suas diversas manifesta\u00e7\u00f5es para 4 mil crian\u00e7as e adolescentes de 7 a 17 anos, nos munic\u00edpios de Gurupi, Porto Nacional, Palmas e Aragua\u00edna. O programa ser\u00e1 executado pela Seduc. Em sua primeira etapa, ser\u00e3o ofertadas aulas de inicia\u00e7\u00e3o esportiva nas seguintes modalidades: badminton, nata\u00e7\u00e3o, t\u00eanis de mesa, v\u00f4lei de praia, xadrez, futebol de campo, futsal, futev\u00f4lei, voleibol e handebol.<\/p>\n\n\n\n<p><strong>Trevo da Praia<\/strong><\/p>\n\n\n\n<p>J\u00e1 na quinta-feira, 2, o governador Mauro Carlesse autorizou as obras para conclus\u00e3o do trecho da rodovia TO-365, do entroncamento da BR-153, em Gurupi, ao povoado do Trevo da Praia e ao acesso \u00e0 balsa no rio Tocantins. A Ordem de Servi\u00e7o para a empresa vencedora da licita\u00e7\u00e3o foi assinada nesta quinta-feira, 2, na sede do povoado. As obras fazem parte do programa Tocando em Frente e v\u00e3o demandar investimentos na ordem de R$ 70 milh\u00f5es.<\/p>\n\n\n\n<p>As obras de pavimenta\u00e7\u00e3o da TO-365 foram divididas em duas fases, sendo que a primeira j\u00e1 est\u00e1 conclu\u00edda. Com a contrata\u00e7\u00e3o de empresa para a execu\u00e7\u00e3o das obras da segunda fase, o trecho, de pouco mais de 50 km, deve ser todo asfaltado, beneficiando os produtores e a comunidade da regi\u00e3o.<\/p>\n\n\n\n<p>O Governador explicou que a pavimenta\u00e7\u00e3o da rodovia \u00e9 uma antiga demanda da popula\u00e7\u00e3o e um compromisso assumido, ainda quando era deputado estadual. &#8220;Fico feliz em poder cumprir mais esse compromisso. Estamos iniciando, hoje, a segunda etapa e a expectativa \u00e9 de entregar o mais r\u00e1pido poss\u00edvel essa obra, com um asfalto de qualidade para suportar o tr\u00e1fego de ve\u00edculos com seguran\u00e7a e conforto para a popula\u00e7\u00e3o&#8221;, sustentou.<\/p>\n\n\n\n<p><strong>Regulariza\u00e7\u00e3o<\/strong><\/p>\n\n\n\n<p>J\u00e1 nesta sexta-feira, 3, as a\u00e7\u00f5es do governo municipalista de Mauro Carlesse chegaram a Santa Teresa, na regi\u00e3o Leste Estado, onde entregou t\u00edtulo definitivo de terra \u00e0 comunidade quilombola Barra da Aroeira. O evento foi realizado na pr\u00f3pria comunidade, como parte das a\u00e7\u00f5es do programa Essa Terra \u00e9 Nossa, que faz parte do plano de desenvolvimento Tocando em Frente, lan\u00e7ado pelo governador Mauro Carlesse em julho deste ano.<\/p>\n\n\n\n<p>\u201c\u00c9 meu o privil\u00e9gio de poder assinar esse documento, devolvendo o direito \u00e0 terra para esse povo. Agora eles poder\u00e3o dizer com orgulho que essa terra \u00e9 deles e n\u00e3o paramos por aqui, h\u00e1 outros hectares em processo de titula\u00e7\u00e3o que j\u00e1 est\u00e3o em estudo, e o que for da nossa compet\u00eancia, com certeza n\u00f3s faremos para devolver a Comunidade Barra do Aroeira as terras que eles perderam\u201d, destacou o governador do Estado do Tocantins, Mauro Carlesse.<\/p>\n\n\n\n<p>O t\u00edtulo coletivo foi entregue \u00e0 Associa\u00e7\u00e3o Comunit\u00e1ria dos Quilombolas de Barra de Aroeira, que representa aproximadamente 120 fam\u00edlias. Com o t\u00edtulo definitivo da terra, os descendentes do fundador da comunidade F\u00e9lix Jos\u00e9, poder\u00e3o destravar importantes processos como aposentadoria dos idosos e capta\u00e7\u00e3o de recursos junto a programas de fomento como o Programa Nacional de Fortalecimento da Agricultura Familiar (Pronaf).<\/p>\n\n\n\n<p><strong>Coopera\u00e7\u00e3o t\u00e9cnica<\/strong><\/p>\n\n\n\n<p>Ainda durante o evento foi assinado um termo de coopera\u00e7\u00e3o t\u00e9cnica, por meio da Secretaria de Estado da Seguran\u00e7a P\u00fablica, entre o Governo do Tocantins e o munic\u00edpio de Santa Tereza do Tocantins para a implanta\u00e7\u00e3o de um n\u00facleo do Instituto de Identifica\u00e7\u00e3o na cidade.<\/p>\n\n\n\n<p><strong>Essa Terra \u00e9 Nossa<\/strong><\/p>\n\n\n\n<p>O programa Essa Terra \u00e9 Nossa tem o objetivo de consolidar a pol\u00edtica de regulariza\u00e7\u00e3o fundi\u00e1ria no Tocantins, com a expectativa de convalidar cerca de 85 mil t\u00edtulos rurais, dando condi\u00e7\u00f5es de desenvolvimento aos agricultores de todas as regi\u00f5es do Estado.<\/p>\n\n\n\n<p>Para auxiliar na efetiva\u00e7\u00e3o do programa, o Governo do Tocantins, por meio do Instituto de Terras do Tocantins (Itertins) e em parceria com a Ag\u00eancia de Tecnologia da Informa\u00e7\u00e3o (ATI), elaborou uma plataforma on-line, o Sistema de Gest\u00e3o Terra Nossa, por onde o cidad\u00e3o poder\u00e1 enviar laudos e documentos para dar in\u00edcio ao processo de regulariza\u00e7\u00e3o.<\/p>\n\n\n\n<figure class=\"wp-block-image\"><img decoding=\"async\" src=\"http:\/\/n1to.com.br\/img\/uploads\/bbbbb_6.jpg\" alt=\"\"\/><\/figure>\n\n\n\n<figure class=\"wp-block-image\"><img decoding=\"async\" src=\"http:\/\/n1to.com.br\/img\/uploads\/ccc_4.jpg\" alt=\"\"\/><\/figure>\n\n\n\n<figure class=\"wp-block-image\"><img decoding=\"async\" src=\"http:\/\/n1to.com.br\/img\/uploads\/dddd_2.jpg\" alt=\"\"\/><\/figure>\n\n\n\n<figure class=\"wp-block-image\"><img decoding=\"async\" src=\"http:\/\/n1to.com.br\/img\/uploads\/eeeee_1.jpg\" alt=\"\"\/><\/figure>\n\n\n\n<figure class=\"wp-block-image\"><img decoding=\"async\" src=\"http:\/\/n1to.com.br\/img\/uploads\/gggggg.jpg\" alt=\"\"\/><\/figure>\n\n\n\n<figure class=\"wp-block-image\"><img decoding=\"async\" src=\"http:\/\/n1to.com.br\/img\/uploads\/hhhhh.jpg\" alt=\"\"\/><\/figure>\n\n\n\n<figure class=\"wp-block-image\"><img decoding=\"async\" src=\"http:\/\/n1to.com.br\/img\/uploads\/iiiiii.jpg\" alt=\"\"\/><\/figure>\n\n\n\n<figure class=\"wp-block-image\"><img decoding=\"async\" src=\"http:\/\/n1to.com.br\/img\/uploads\/jjjjj.jpg\" alt=\"\"\/><\/figure>\n\n\n\n<figure class=\"wp-block-image\"><img decoding=\"async\" src=\"http:\/\/n1to.com.br\/img\/uploads\/kkkkkk.jpg\" alt=\"\"\/><\/figure>\n","protected":false},"excerpt":{"rendered":"<p>A agenda de trabalho do governador do Estado do Tocantins, Mauro Carlesse, foi marcada esta semana por a\u00e7\u00f5es na capital e no interior. Ele entregou viaturas \u00e0 Pol\u00edcia Militar, discutiu pol\u00edticas p\u00fablicas voltadas para as crian\u00e7as e adolescentes com representantes do Fundo das Na\u00e7\u00f5es Unidas para a Inf\u00e2ncia (Unicef) e percorreu v\u00e1rios munic\u00edpios, onde autorizou &hellip;<\/p>\n","protected":false},"author":5,"featured_media":1689,"comment_status":"open","ping_status":"open","sticky":false,"template":"","format":"standard","meta":{"footnotes":""},"categories":[1],"tags":[],"class_list":["post-1687","post","type-post","status-publish","format-standard","has-post-thumbnail","","category-sem-categoria"],"_links":{"self":[{"href":"https:\/\/focotocantinense.com.br\/index.php?rest_route=\/wp\/v2\/posts\/1687","targetHints":{"allow":["GET"]}}],"collection":[{"href":"https:\/\/focotocantinense.com.br\/index.php?rest_route=\/wp\/v2\/posts"}],"about":[{"href":"https:\/\/focotocantinense.com.br\/index.php?rest_route=\/wp\/v2\/types\/post"}],"author":[{"embeddable":true,"href":"https:\/\/focotocantinense.com.br\/index.php?rest_route=\/wp\/v2\/users\/5"}],"replies":[{"embeddable":true,"href":"https:\/\/focotocantinense.com.br\/index.php?rest_route=%2Fwp%2Fv2%2Fcomments&post=1687"}],"version-history":[{"count":1,"href":"https:\/\/focotocantinense.com.br\/index.php?rest_route=\/wp\/v2\/posts\/1687\/revisions"}],"predecessor-version":[{"id":1688,"href":"https:\/\/focotocantinense.com.br\/index.php?rest_route=\/wp\/v2\/posts\/1687\/revisions\/1688"}],"wp:featuredmedia":[{"embeddable":true,"href":"https:\/\/focotocantinense.com.br\/index.php?rest_route=\/wp\/v2\/media\/1689"}],"wp:attachment":[{"href":"https:\/\/focotocantinense.com.br\/index.php?rest_route=%2Fwp%2Fv2%2Fmedia&parent=1687"}],"wp:term":[{"taxonomy":"category","embeddable":true,"href":"https:\/\/focotocantinense.com.br\/index.php?rest_route=%2Fwp%2Fv2%2Fcategories&post=1687"},{"taxonomy":"post_tag","embeddable":true,"href":"https:\/\/focotocantinense.com.br\/index.php?rest_route=%2Fwp%2Fv2%2Ftags&post=1687"}],"curies":[{"name":"wp","href":"https:\/\/api.w.org\/{rel}","templated":true}]}}