{"id":1675,"date":"2021-09-01T10:53:08","date_gmt":"2021-09-01T13:53:08","guid":{"rendered":"https:\/\/focotocantinense.com.br\/?p=1675"},"modified":"2021-09-01T15:03:13","modified_gmt":"2021-09-01T18:03:13","slug":"formacao-continuada-capacita-professores-que-atuarao-na-universidade-da-maturidade-em-tocantinia","status":"publish","type":"post","link":"https:\/\/focotocantinense.com.br\/?p=1675","title":{"rendered":"Forma\u00e7\u00e3o continuada capacita professores que atuar\u00e3o na Universidade da Maturidade, em Tocant\u00ednia"},"content":{"rendered":"\n<p><strong>Por Leontina Martins<\/strong><\/p>\n\n\n\n<p>A Prefeitura de Tocant\u00ednia, por meio da Secretaria Municipal de Educa\u00e7\u00e3o (Semed), &nbsp;em Parceria com &nbsp;a Universidade da Maturidade (UMA) \u2013 Programa de Extens\u00e3o da Universidade Federal do Tocantins (UFT), promoveram na ter\u00e7a-feira (31 de agosto),&nbsp; a forma\u00e7\u00e3o dos&nbsp;&nbsp; professores, com&nbsp; o objetivo de &nbsp;orientar sobre as diretrizes e objetivos da UMA no processo de ensino &nbsp;aprendizagem.<\/p>\n\n\n\n<p>A coordenadora da Universidade da Maturidade, professora Neila Os\u00f3rio, afirmou &nbsp;que esse programa vem de um pensar diferente sobre o velho,&nbsp; uma pessoa que sonha e tem conhecimento, assim como, &nbsp;a maravilha de ser \u00fatil. A partir desse&nbsp; p\u00f3lo em Tocant\u00ednia,&nbsp; cujo &nbsp;diferencial \u00e9 a comunidade ind\u00edgena, ser\u00e3o valorizados os costumes e a cultura do povo Xerente.<\/p>\n\n\n\n<p>O prefeito de Tocant\u00ednia, Manoel Silvino (SD), argumenta que a Universidade da Maturidade \u00e9 um marco em seu munic\u00edpio, no qual o Polo instalado ser\u00e1 fortalecido com essa forma\u00e7\u00e3o para os professores da Rede Municipal de\u00a0 Educa\u00e7\u00e3o, e que ir\u00e3o atuar tanto nas turmas ind\u00edgenas como n\u00e3o ind\u00edgenas. \u201cCom isso ser\u00e1 viabilizada a propaga\u00e7\u00e3o e a valoriza\u00e7\u00e3o dos ricos saberes dos nossos anci\u00e3os de forma contextualizada e sistematizada\u201d, informou o prefeito.<\/p>\n\n\n\n<p><strong>Alternativa<\/strong><\/p>\n\n\n\n<p>O secret\u00e1rio de Educa\u00e7\u00e3o de Tocant\u00ednia, Andr\u00e9 Goveia, destaca que a &nbsp;Universidade da Maturidade em Tocant\u00ednia, &nbsp;que se consolida com o apoio da&nbsp; Prefeitura Municipal, chega&nbsp; como uma importante alternativa para as pessoas adultas da comunidade Xerente, numa fase da vida em que det\u00e9m experi\u00eancia acumulada e sabedoria .<\/p>\n\n\n\n<p>\u201cO polo da Universidade da Maturidade, em Tocant\u00ednia, j\u00e1 nasce como &nbsp;um espa\u00e7o de conviv\u00eancia social de aquisi\u00e7\u00e3o de novos conhecimentos voltados para o envelhecer sadio e digno para o povo Xerente, sobretudo, na tomada de consci\u00eancia da import\u00e2ncia de participa\u00e7\u00e3o do idoso na sociedade enquanto sujeito hist\u00f3rico\u201d, concluiu Andr\u00e9 Goveia.<\/p>\n\n\n\n<figure class=\"wp-block-image\"><img decoding=\"async\" src=\"http:\/\/n1to.com.br\/img\/uploads\/bbbbbbb_1.jpg\" alt=\"\"\/><\/figure>\n\n\n\n<figure class=\"wp-block-image\"><img decoding=\"async\" src=\"http:\/\/n1to.com.br\/img\/uploads\/ccccccc_5.jpg\" alt=\"\"\/><\/figure>\n","protected":false},"excerpt":{"rendered":"<p>Por Leontina Martins A Prefeitura de Tocant\u00ednia, por meio da Secretaria Municipal de Educa\u00e7\u00e3o (Semed), &nbsp;em Parceria com &nbsp;a Universidade da Maturidade (UMA) \u2013 Programa de Extens\u00e3o da Universidade Federal do Tocantins (UFT), promoveram na ter\u00e7a-feira (31 de agosto),&nbsp; a forma\u00e7\u00e3o dos&nbsp;&nbsp; professores, com&nbsp; o objetivo de &nbsp;orientar sobre as diretrizes e objetivos da UMA &hellip;<\/p>\n","protected":false},"author":5,"featured_media":1677,"comment_status":"open","ping_status":"open","sticky":false,"template":"","format":"standard","meta":{"footnotes":""},"categories":[1],"tags":[],"class_list":["post-1675","post","type-post","status-publish","format-standard","has-post-thumbnail","","category-sem-categoria"],"_links":{"self":[{"href":"https:\/\/focotocantinense.com.br\/index.php?rest_route=\/wp\/v2\/posts\/1675","targetHints":{"allow":["GET"]}}],"collection":[{"href":"https:\/\/focotocantinense.com.br\/index.php?rest_route=\/wp\/v2\/posts"}],"about":[{"href":"https:\/\/focotocantinense.com.br\/index.php?rest_route=\/wp\/v2\/types\/post"}],"author":[{"embeddable":true,"href":"https:\/\/focotocantinense.com.br\/index.php?rest_route=\/wp\/v2\/users\/5"}],"replies":[{"embeddable":true,"href":"https:\/\/focotocantinense.com.br\/index.php?rest_route=%2Fwp%2Fv2%2Fcomments&post=1675"}],"version-history":[{"count":2,"href":"https:\/\/focotocantinense.com.br\/index.php?rest_route=\/wp\/v2\/posts\/1675\/revisions"}],"predecessor-version":[{"id":1678,"href":"https:\/\/focotocantinense.com.br\/index.php?rest_route=\/wp\/v2\/posts\/1675\/revisions\/1678"}],"wp:featuredmedia":[{"embeddable":true,"href":"https:\/\/focotocantinense.com.br\/index.php?rest_route=\/wp\/v2\/media\/1677"}],"wp:attachment":[{"href":"https:\/\/focotocantinense.com.br\/index.php?rest_route=%2Fwp%2Fv2%2Fmedia&parent=1675"}],"wp:term":[{"taxonomy":"category","embeddable":true,"href":"https:\/\/focotocantinense.com.br\/index.php?rest_route=%2Fwp%2Fv2%2Fcategories&post=1675"},{"taxonomy":"post_tag","embeddable":true,"href":"https:\/\/focotocantinense.com.br\/index.php?rest_route=%2Fwp%2Fv2%2Ftags&post=1675"}],"curies":[{"name":"wp","href":"https:\/\/api.w.org\/{rel}","templated":true}]}}