{"id":1672,"date":"2021-08-28T19:12:23","date_gmt":"2021-08-28T22:12:23","guid":{"rendered":"https:\/\/focotocantinense.com.br\/?p=1672"},"modified":"2021-08-28T19:13:24","modified_gmt":"2021-08-28T22:13:24","slug":"vereador-romivaldo-martins-fala-sobre-a-sua-participacao-na-xx-marcha-dos-legislativos-em-brasilia","status":"publish","type":"post","link":"https:\/\/focotocantinense.com.br\/?p=1672","title":{"rendered":"Vereador Romivaldo Martins fala sobre a sua participa\u00e7\u00e3o na XX Marcha dos Legislativos, em Bras\u00edlia"},"content":{"rendered":"\n<p>O&nbsp; vereador por Lagoa da Confus\u00e3o, Romivaldo Martins (SD), participou&nbsp; da Marcha dos Legislativos Municipais, em Bras\u00edlia, &nbsp;realizada durante esta semana.<\/p>\n\n\n\n<p>O parlamentar lagoense destacou a import\u00e2ncia desse evento para melhor capacitar os vereadores de todo Brasil para que possam legislar com efici\u00eancia e, assim, buscar mecanismos efetivos que colaborem com a melhoria da qualidade de vida dos cidad\u00e3os residentes nos munic\u00edpios que representam.<\/p>\n\n\n\n<p>Romivaldo lembrou&nbsp; as dificuldades para se legislar nesse momento especial de pandemia&nbsp; que, segundo ele, &nbsp;exige cada vez mais criatividade e compet\u00eancia do legislador municipal.<\/p>\n\n\n\n<p>Para o vereador, a&nbsp;&nbsp; solu\u00e7\u00e3o para os problemas da pol\u00edtica est\u00e1 na &nbsp;pr\u00f3pria pol\u00edtica. Ele ressalta que&nbsp; &nbsp;antes por\u00e9m, &nbsp;\u00e9 preciso resgatar a confian\u00e7a na pol\u00edtica que seja saud\u00e1vel, com&nbsp; transpar\u00eancia,&nbsp; di\u00e1logo constante,&nbsp; clareza e confian\u00e7a, sempre com&nbsp; abertura para negociar serenidade institucional e &nbsp;embate de ideias, n\u00e3o entre pessoas, mas&nbsp; com respeito \u00e0 democracia.<\/p>\n\n\n\n<p><strong>Sobre a Marcha<\/strong><\/p>\n\n\n\n<p>A Marcha dos Legislativos Municipais \u00e9 uma mobiliza\u00e7\u00e3o realizada anualmente pela Uni\u00e3o dos Vereadores do Brasil (UVB), com o objetivo de reunir os vereadores e vereadoras do pa\u00eds, pelo fortalecimento do legislativo municipal, defesa do municipalismo e debater o cen\u00e1rio pol\u00edtico nacional. O evento \u00e9 promovido pela UVB.<\/p>\n\n\n\n<figure class=\"wp-block-image\"><img decoding=\"async\" src=\"http:\/\/n1to.com.br\/img\/uploads\/bbbb_6.jpg\" alt=\"\"\/><\/figure>\n\n\n\n<figure class=\"wp-block-image\"><img decoding=\"async\" src=\"http:\/\/n1to.com.br\/img\/uploads\/cccccccccc_2.jpg\" alt=\"\"\/><\/figure>\n","protected":false},"excerpt":{"rendered":"<p>O&nbsp; vereador por Lagoa da Confus\u00e3o, Romivaldo Martins (SD), participou&nbsp; da Marcha dos Legislativos Municipais, em Bras\u00edlia, &nbsp;realizada durante esta semana. O parlamentar lagoense destacou a import\u00e2ncia desse evento para melhor capacitar os vereadores de todo Brasil para que possam legislar com efici\u00eancia e, assim, buscar mecanismos efetivos que colaborem com a melhoria da qualidade &hellip;<\/p>\n","protected":false},"author":5,"featured_media":1674,"comment_status":"open","ping_status":"open","sticky":false,"template":"","format":"standard","meta":{"footnotes":""},"categories":[1],"tags":[],"class_list":["post-1672","post","type-post","status-publish","format-standard","has-post-thumbnail","","category-sem-categoria"],"_links":{"self":[{"href":"https:\/\/focotocantinense.com.br\/index.php?rest_route=\/wp\/v2\/posts\/1672","targetHints":{"allow":["GET"]}}],"collection":[{"href":"https:\/\/focotocantinense.com.br\/index.php?rest_route=\/wp\/v2\/posts"}],"about":[{"href":"https:\/\/focotocantinense.com.br\/index.php?rest_route=\/wp\/v2\/types\/post"}],"author":[{"embeddable":true,"href":"https:\/\/focotocantinense.com.br\/index.php?rest_route=\/wp\/v2\/users\/5"}],"replies":[{"embeddable":true,"href":"https:\/\/focotocantinense.com.br\/index.php?rest_route=%2Fwp%2Fv2%2Fcomments&post=1672"}],"version-history":[{"count":1,"href":"https:\/\/focotocantinense.com.br\/index.php?rest_route=\/wp\/v2\/posts\/1672\/revisions"}],"predecessor-version":[{"id":1673,"href":"https:\/\/focotocantinense.com.br\/index.php?rest_route=\/wp\/v2\/posts\/1672\/revisions\/1673"}],"wp:featuredmedia":[{"embeddable":true,"href":"https:\/\/focotocantinense.com.br\/index.php?rest_route=\/wp\/v2\/media\/1674"}],"wp:attachment":[{"href":"https:\/\/focotocantinense.com.br\/index.php?rest_route=%2Fwp%2Fv2%2Fmedia&parent=1672"}],"wp:term":[{"taxonomy":"category","embeddable":true,"href":"https:\/\/focotocantinense.com.br\/index.php?rest_route=%2Fwp%2Fv2%2Fcategories&post=1672"},{"taxonomy":"post_tag","embeddable":true,"href":"https:\/\/focotocantinense.com.br\/index.php?rest_route=%2Fwp%2Fv2%2Ftags&post=1672"}],"curies":[{"name":"wp","href":"https:\/\/api.w.org\/{rel}","templated":true}]}}