{"id":1668,"date":"2021-08-27T17:43:44","date_gmt":"2021-08-27T20:43:44","guid":{"rendered":"https:\/\/focotocantinense.com.br\/?p=1668"},"modified":"2021-08-27T17:44:29","modified_gmt":"2021-08-27T20:44:29","slug":"governador-mauro-carlesse-vistoria-obra-da-nova-escola-estadual-de-tempo-integral-de-palmas-que-deve-ser-entregue-no-inicio-de-202","status":"publish","type":"post","link":"https:\/\/focotocantinense.com.br\/?p=1668","title":{"rendered":"Governador Mauro Carlesse vistoria obra da nova Escola Estadual de Tempo Integral de Palmas, que deve ser entregue no in\u00edcio de 202"},"content":{"rendered":"\n<p>O governador do Estado do Tocantins, Mauro Carlesse, acompanhado da titular da Secretaria de Estado da Educa\u00e7\u00e3o, Juventude e Esportes (Seduc), Adriana Aguiar, vistoriou na manh\u00e3 desta sexta-feira, 27, a obra da nova Escola Estadual de Tempo Integral (ETI) de Palmas &#8211; Unidade II. Com capacidade para receber 1.500 alunos, a obra da escola estava parada desde 2017 e foi retomada em maio deste ano ap\u00f3s assinatura de um novo contrato por parte do Governo Estadual.<\/p>\n\n\n\n<p>A obra faz parte do programa&nbsp;<em>Tocando em Frente<\/em>&nbsp;e integra uma s\u00e9rie de a\u00e7\u00f5es a serem desenvolvidas na regional de Palmas. Durante a vistoria, o governador Mauro Carlesse refor\u00e7ou que o sentimento \u00e9 de felicidade. \u201c\u00c9 uma felicidade total poder devolver para comunidade uma obra t\u00e3o importante que \u00e9 uma escola de tempo integral. Infelizmente, ela ficou parada por 10 anos, mas era uma meta da nossa gest\u00e3o conseguir entregar essa obra e \u00e9 o que vamos fazer em breve, junto com outras obras nas \u00e1reas de seguran\u00e7a, sa\u00fade, previstas no programa&nbsp;<em>Tocando em Frente<\/em>\u201d, destacou.&nbsp;<\/p>\n\n\n\n<p>Lan\u00e7ado em julho deste ano, o&nbsp;<em>Tocando em Frente<\/em>&nbsp;prev\u00ea investimentos na ordem de mais de R$ 2,9 bilh\u00f5es em todo o Estado, al\u00e9m de objetivar o fortalecimento da economia e a gera\u00e7\u00e3o de empregos para a popula\u00e7\u00e3o nos 139 munic\u00edpios.&nbsp;<\/p>\n\n\n\n<p>A titular da Seduc, Adriana Aguiar, ressaltou que a escola a ser entregue permitir\u00e1 uma forma\u00e7\u00e3o escolar multidisciplinar. \u201cNessa escola, ser\u00e3o fomentadas atividades culturais e esportivas permitindo que o aluno tenha uma educa\u00e7\u00e3o global, al\u00e9m de ser um ambiente preparado, organizado e confort\u00e1vel para receber os professores e os demais servidores que aqui ir\u00e3o atuar. E eu tenho certeza que dessa escola sair\u00e3o grandes profissionais\u201d, finalizou.&nbsp;<\/p>\n\n\n\n<p>A obra segue em ritmo acelerado com 70% de execu\u00e7\u00e3o da parte f\u00edsica e conforme cronograma de execu\u00e7\u00e3o, ser\u00e1 entregue em maio de 2022. Ao todo, ser\u00e3o investidos R$ 14.231.660. Do montante total de investimentos, R$ 10.151.963 s\u00e3o oriundos de conv\u00eanio e outros R$ 4.079.697 s\u00e3o oriundos de recurso pr\u00f3prio do Governo do Tocantins.&nbsp;<\/p>\n\n\n\n<p><strong>Estrutura<\/strong><\/p>\n\n\n\n<p>Conforme o projeto inicial, a unidade de ensino contar\u00e1 com uma estrutura formada por um bloco de \u00e1rea administrativa, com espa\u00e7o para professores (sala dos professores, inform\u00e1tica, sala de v\u00eddeo, sala de leitura e sanit\u00e1rios); coordena\u00e7\u00e3o pedag\u00f3gica; diretoria; secretaria; arquivo hist\u00f3rico; almoxarifado; administrativo\/financeiro; e sala para funcion\u00e1rios. Al\u00e9m de 21 salas de aula, sala de m\u00fasica, sala multiuso, biblioteca, seis laborat\u00f3rios e banheiros para alunos.<\/p>\n\n\n\n<p>A escola tamb\u00e9m contar\u00e1 com refeit\u00f3rio, p\u00e1tio coberto, cozinha, depend\u00eancias de servi\u00e7o, sal\u00e3o multiuso, salas de artes marciais, ateli\u00ea, dep\u00f3sitos, quadra poliesportiva coberta com \u00e1rea de 781 m\u00b2, sala de artes marciais, sala de dan\u00e7a, sala de coral, sala de primeiros socorros, dep\u00f3sito de materiais usados nas aulas de educa\u00e7\u00e3o f\u00edsica, consult\u00f3rio odontol\u00f3gico, audit\u00f3rio, piscina com seis raias semiol\u00edmpicas e com arquibancada e duas guaritas.<\/p>\n\n\n\n<p><strong>Concurso<\/strong><\/p>\n\n\n\n<p>Na oportunidade, o governador Mauro Carlesse falou da inten\u00e7\u00e3o de realizar um novo concurso. \u201cN\u00f3s vamos realizar tamb\u00e9m concursos em diversas \u00e1reas, j\u00e1 tem uma c\u00e2mara t\u00e9cnica fazendo esse estudo, para que assim n\u00f3s consigamos ter servidores preparados em todas as \u00e1reas para atender a popula\u00e7\u00e3o\u201d, afirmou.<\/p>\n\n\n\n<p>A C\u00e2mara T\u00e9cnica composta na \u00faltima sexta-feira, 20, ir\u00e1 fazer um mapeamento, estudo e prospec\u00e7\u00e3o referente \u00e0 realiza\u00e7\u00e3o de um novo concurso p\u00fablico, que tem como objetivo o provimento de diversos cargos do quadro de pessoal do Poder Executivo estadual. O prazo para a conclus\u00e3o dos trabalhos \u00e9 de 90 dias.<\/p>\n\n\n\n<p><\/p>\n\n\n\n<figure class=\"wp-block-image is-resized\"><img loading=\"lazy\" decoding=\"async\" src=\"https:\/\/central.to.gov.br\/image\/257898?w=565&amp;h=349\" alt=\"\" width=\"824\" height=\"509\"\/><\/figure>\n\n\n\n<p><em><strong>A titular da Seduc, Adriana Aguiar, acompanhou a vistoria da nova escola que atender\u00e1 1.500 alunos &#8211; M\u00e1rcio Vieira\/Governo do Tocantins<\/strong><\/em><\/p>\n","protected":false},"excerpt":{"rendered":"<p>O governador do Estado do Tocantins, Mauro Carlesse, acompanhado da titular da Secretaria de Estado da Educa\u00e7\u00e3o, Juventude e Esportes (Seduc), Adriana Aguiar, vistoriou na manh\u00e3 desta sexta-feira, 27, a obra da nova Escola Estadual de Tempo Integral (ETI) de Palmas &#8211; Unidade II. Com capacidade para receber 1.500 alunos, a obra da escola estava &hellip;<\/p>\n","protected":false},"author":5,"featured_media":1670,"comment_status":"open","ping_status":"open","sticky":false,"template":"","format":"standard","meta":{"footnotes":""},"categories":[1],"tags":[],"class_list":["post-1668","post","type-post","status-publish","format-standard","has-post-thumbnail","","category-sem-categoria"],"_links":{"self":[{"href":"https:\/\/focotocantinense.com.br\/index.php?rest_route=\/wp\/v2\/posts\/1668","targetHints":{"allow":["GET"]}}],"collection":[{"href":"https:\/\/focotocantinense.com.br\/index.php?rest_route=\/wp\/v2\/posts"}],"about":[{"href":"https:\/\/focotocantinense.com.br\/index.php?rest_route=\/wp\/v2\/types\/post"}],"author":[{"embeddable":true,"href":"https:\/\/focotocantinense.com.br\/index.php?rest_route=\/wp\/v2\/users\/5"}],"replies":[{"embeddable":true,"href":"https:\/\/focotocantinense.com.br\/index.php?rest_route=%2Fwp%2Fv2%2Fcomments&post=1668"}],"version-history":[{"count":1,"href":"https:\/\/focotocantinense.com.br\/index.php?rest_route=\/wp\/v2\/posts\/1668\/revisions"}],"predecessor-version":[{"id":1669,"href":"https:\/\/focotocantinense.com.br\/index.php?rest_route=\/wp\/v2\/posts\/1668\/revisions\/1669"}],"wp:featuredmedia":[{"embeddable":true,"href":"https:\/\/focotocantinense.com.br\/index.php?rest_route=\/wp\/v2\/media\/1670"}],"wp:attachment":[{"href":"https:\/\/focotocantinense.com.br\/index.php?rest_route=%2Fwp%2Fv2%2Fmedia&parent=1668"}],"wp:term":[{"taxonomy":"category","embeddable":true,"href":"https:\/\/focotocantinense.com.br\/index.php?rest_route=%2Fwp%2Fv2%2Fcategories&post=1668"},{"taxonomy":"post_tag","embeddable":true,"href":"https:\/\/focotocantinense.com.br\/index.php?rest_route=%2Fwp%2Fv2%2Ftags&post=1668"}],"curies":[{"name":"wp","href":"https:\/\/api.w.org\/{rel}","templated":true}]}}