{"id":1664,"date":"2021-08-27T17:37:52","date_gmt":"2021-08-27T20:37:52","guid":{"rendered":"https:\/\/focotocantinense.com.br\/?p=1664"},"modified":"2021-08-27T17:38:53","modified_gmt":"2021-08-27T20:38:53","slug":"prefeitura-de-gurupi-realizara-casamento-comunitario-em-setembro","status":"publish","type":"post","link":"https:\/\/focotocantinense.com.br\/?p=1664","title":{"rendered":"Prefeitura de Gurupi realizar\u00e1 Casamento Comunit\u00e1rio em setembro"},"content":{"rendered":"\n<p>O t\u00e3o sonhado dia do \u201csim\u201d est\u00e1 chegando para os 125 casais que se inscreveram no Casamento Comunit\u00e1rio de Gurupi. A Prefeitura, por meio da Secretaria Municipal de Trabalho, Assist\u00eancia Social e Prote\u00e7\u00e3o \u00e0 Mulher, definiu a nova data da cerim\u00f4nia, que ser\u00e1 realizada no dia 24 de setembro, a partir das 19h30, no Recanto dos Ip\u00eas.<\/p>\n\n\n\n<p>Segundo o secret\u00e1rio municipal de Trabalho, Assist\u00eancia Social e Prote\u00e7\u00e3o \u00e0 Mulher, Gleydson Nato, n\u00e3o haver\u00e1 novas inscri\u00e7\u00f5es j\u00e1 que todas as vagas foram preenchidas ainda em maio, quando foi aberto o per\u00edodo de cadastramento. \u201cN\u00f3s est\u00e1vamos aguardando apenas a redu\u00e7\u00e3o dos casos de Covid em nossa cidade para fazer a cerim\u00f4nia, que ser\u00e1 realizada de forma presencial e obedecendo todas as regras e medidas de enfrentamento \u00e0 Covid-19, como o distanciamento, o uso de m\u00e1scara e \u00e1lcool gel\u201d, destacou o secret\u00e1rio.<\/p>\n\n\n\n<p>O Casamento Comunit\u00e1rio de Gurupi estava previsto para junho, mas foi adiado em virtude da pandemia da Covid-19. O evento \u00e9 organizado pela Secretaria Municipal de Trabalho, Assist\u00eancia Social e Prote\u00e7\u00e3o \u00e0 Mulher, em parceria com o Cart\u00f3rio de Registro Civil das Pessoas Naturais de Gurupi, Tribunal de Justi\u00e7a do Estado do Tocantins e Associa\u00e7\u00e3o de Registradores de Pessoas Naturais (ARPEN\/TO).&nbsp;<\/p>\n\n\n\n<figure class=\"wp-block-image\"><img decoding=\"async\" src=\"https:\/\/www.n1to.com.br\/img\/cache\/800x400\/80\/crop\/Imagem-f6e4800bec8157503a89e15b0d04e378.jpg\" alt=\"\"\/><\/figure>\n","protected":false},"excerpt":{"rendered":"<p>O t\u00e3o sonhado dia do \u201csim\u201d est\u00e1 chegando para os 125 casais que se inscreveram no Casamento Comunit\u00e1rio de Gurupi. A Prefeitura, por meio da Secretaria Municipal de Trabalho, Assist\u00eancia Social e Prote\u00e7\u00e3o \u00e0 Mulher, definiu a nova data da cerim\u00f4nia, que ser\u00e1 realizada no dia 24 de setembro, a partir das 19h30, no Recanto &hellip;<\/p>\n","protected":false},"author":5,"featured_media":1666,"comment_status":"open","ping_status":"open","sticky":false,"template":"","format":"standard","meta":{"footnotes":""},"categories":[1],"tags":[],"class_list":["post-1664","post","type-post","status-publish","format-standard","has-post-thumbnail","","category-sem-categoria"],"_links":{"self":[{"href":"https:\/\/focotocantinense.com.br\/index.php?rest_route=\/wp\/v2\/posts\/1664","targetHints":{"allow":["GET"]}}],"collection":[{"href":"https:\/\/focotocantinense.com.br\/index.php?rest_route=\/wp\/v2\/posts"}],"about":[{"href":"https:\/\/focotocantinense.com.br\/index.php?rest_route=\/wp\/v2\/types\/post"}],"author":[{"embeddable":true,"href":"https:\/\/focotocantinense.com.br\/index.php?rest_route=\/wp\/v2\/users\/5"}],"replies":[{"embeddable":true,"href":"https:\/\/focotocantinense.com.br\/index.php?rest_route=%2Fwp%2Fv2%2Fcomments&post=1664"}],"version-history":[{"count":2,"href":"https:\/\/focotocantinense.com.br\/index.php?rest_route=\/wp\/v2\/posts\/1664\/revisions"}],"predecessor-version":[{"id":1667,"href":"https:\/\/focotocantinense.com.br\/index.php?rest_route=\/wp\/v2\/posts\/1664\/revisions\/1667"}],"wp:featuredmedia":[{"embeddable":true,"href":"https:\/\/focotocantinense.com.br\/index.php?rest_route=\/wp\/v2\/media\/1666"}],"wp:attachment":[{"href":"https:\/\/focotocantinense.com.br\/index.php?rest_route=%2Fwp%2Fv2%2Fmedia&parent=1664"}],"wp:term":[{"taxonomy":"category","embeddable":true,"href":"https:\/\/focotocantinense.com.br\/index.php?rest_route=%2Fwp%2Fv2%2Fcategories&post=1664"},{"taxonomy":"post_tag","embeddable":true,"href":"https:\/\/focotocantinense.com.br\/index.php?rest_route=%2Fwp%2Fv2%2Ftags&post=1664"}],"curies":[{"name":"wp","href":"https:\/\/api.w.org\/{rel}","templated":true}]}}