{"id":1660,"date":"2021-08-24T23:24:48","date_gmt":"2021-08-25T02:24:48","guid":{"rendered":"https:\/\/focotocantinense.com.br\/?p=1660"},"modified":"2021-08-24T23:27:09","modified_gmt":"2021-08-25T02:27:09","slug":"programa-crianca-feliz-de-tocantinia-e-destaque-em-seminario-nacional-da-primeira-infancia","status":"publish","type":"post","link":"https:\/\/focotocantinense.com.br\/?p=1660","title":{"rendered":"Programa Crian\u00e7a Feliz de Tocant\u00ednia \u00e9 destaque em Semin\u00e1rio Nacional da Primeira Inf\u00e2ncia"},"content":{"rendered":"\n<p>A equipe do Programa Crian\u00e7a Feliz (PCF) de Tocant\u00ednia, a cerca de 90 km da capital, Palmas, est\u00e1 entre os dez munic\u00edpios brasileiros que participam e recebem pr\u00eamio durante o Semin\u00e1rio Nacional da Primeira Inf\u00e2ncia, promovido pelo Minist\u00e9rio da Cidadania, por desenvolvem a\u00e7\u00f5es bem-sucedidas no \u00e2mbito do Programa Crian\u00e7a Feliz. O munic\u00edpio tocantinense ser\u00e1 premiado pelo trabalho desenvolvido pelo Comit\u00ea Gestor Municipal Intersetorial do PCF.<\/p>\n\n\n\n<p>O Semin\u00e1rio Nacional da Primeira Inf\u00e2ncia ocorre em Bras\u00edlia (DF), entre os dias 24 e 26 de agosto. O objetivo geral do evento \u00e9 discutir a import\u00e2ncia do fortalecimento das Pol\u00edticas P\u00fablicas para Primeira Inf\u00e2ncia, de modo a refletir sobre os aspectos da intersetorialidade, focaliza\u00e7\u00e3o dos p\u00fablicos e o olhar para a territorialidade.<\/p>\n\n\n\n<p><strong>Premia\u00e7\u00e3o<\/strong><\/p>\n\n\n\n<p>O munic\u00edpio de Tocant\u00ednia recebe a premia\u00e7\u00e3o na sexta-feira, 26, durante a Cerim\u00f4nia de Homenagens com reconhecimento aos munic\u00edpios com experi\u00eancias exitosas de comit\u00eas gestores e dos parceiros do Programa Crian\u00e7a Feliz.<\/p>\n\n\n\n<p>Na comitiva do Tocantins, participam do evento, a coordenadora Estadual do PCF, Katilv\u00e2nia Guedes; e a pedagoga da Setas e multiplicadora&nbsp;do PCF, Simone&nbsp;Chaves. De Tocant\u00ednia, a supervisora municipal do PCF, N\u00fabia Mellanes; e a secret\u00e1ria de Assist\u00eancia Social do munic\u00edpio de Tocant\u00ednia, Ana Paula Ribeiro de Andrade.<\/p>\n\n\n\n<p>\u201cO munic\u00edpio de Tocant\u00ednia participou de uma pesquisa, com a Secretaria Nacional de Aten\u00e7\u00e3o \u00e0 Primeira Inf\u00e2ncia. Nessa pesquisa, foram selecionados dez munic\u00edpios brasileiros, entre eles Tocant\u00ednia, que foi convidado, pela mesma secretaria a participar presencialmente do evento&#8221;, informou. \u201c\u00c9 important\u00edssimo que os estados e os munic\u00edpios compartilhem as experi\u00eancias exitosas para que as Pol\u00edticas de Aten\u00e7\u00e3o \u00e0 Primeira Inf\u00e2ncia cheguem at\u00e9 nossas crian\u00e7as, com qualidade\u201d, argumentou.<\/p>\n\n\n\n<p>\u201cPara n\u00f3s, \u00e9 uma grande honra participar do Semin\u00e1rio e receber essa homenagem, mas o principal \u00e9 o fortalecimento das Pol\u00edticas P\u00fablicas voltadas para a Primeira Inf\u00e2ncia\u201d, afirmou Ana Paula.<\/p>\n\n\n\n<p>O Programa Crian\u00e7a Feliz (PCF) \u00e9 uma iniciativa do Governo Federal, tendo gest\u00e3o compartilhada com o Governo do Tocantins e os munic\u00edpios. No Tocantins, o programa \u00e9 coordenado pela Secretaria de Estado do Trabalho e Desenvolvimento Social (Setas) e executado pelos munic\u00edpios.<\/p>\n\n\n\n<p>A coordenadora Estadual do Programa Crian\u00e7a Feliz no Tocantins, Katilv\u00e2nia de Souza Guedes, destacou o desafio para as equipes do Governo do Tocantins, por meio da Secretaria de Estado do Trabalho e Desenvolvimento Social (Setas), em dar continuidade ao trabalho de orienta\u00e7\u00e3o \u00e0s equipes municipais&nbsp; para manter o n\u00edvel do atendimento \u00e0s fam\u00edlias nas aldeias, durante a pandemia. \u201cAs parcerias com as equipes da Sa\u00fade e da Funai tornaram poss\u00edveis os atendimentos, sendo que muitos foram de modo virtual e outros tiveram de acontecer presencialmente. Todas as visitas presenciais foram realizadas por visitadora ind\u00edgena e respeitadas as singularidades das fam\u00edlias\u201d, refor\u00e7ou ela.<\/p>\n\n\n\n<p>A coordenadora se refere ao fato de que os encontros acontecem em l\u00edngua nativa, e em respeito \u00e0 cultura local, todos os brinquedos s\u00e3o confeccionados com mat\u00e9ria-prima encontrada no Cerrado.<\/p>\n\n\n\n<p><strong>Comunidades Ind\u00edgenas<\/strong><\/p>\n\n\n\n<p>O munic\u00edpio de Tocant\u00ednia foi o primeiro no Brasil a atender comunidades ind\u00edgenas, com o Programa Crian\u00e7a Feliz. No Tocantins, o PCF atende comunidades ind\u00edgenas nos munic\u00edpios de Tocant\u00ednia e Tocantin\u00f3polis, regi\u00f5es central e norte do Estado, respectivamente.<\/p>\n\n\n\n<p>Em Tocant\u00ednia, 95 das 180 fam\u00edlias atendidas pelo PCF s\u00e3o ind\u00edgenas e 70% das visitas, antes da pandemia, aconteciam dentro das aldeias. \u201cSeis equipes do PCF atendem 28 das 90 aldeias da regi\u00e3o. O munic\u00edpio foi tamb\u00e9m o primeiro no Brasil a realizar as visitas de atendimento \u00e0 primeira inf\u00e2ncia nas comunidades ind\u00edgenas e esse atendimento \u00e9 realizado por uma visitadora tamb\u00e9m ind\u00edgena, afirmou a multiplicadora estadual Joelma Santiago.<\/p>\n\n\n\n<p><strong>Crian\u00e7a Feliz<\/strong><\/p>\n\n\n\n<p>O Programa Crian\u00e7a Feliz completou quatro anos em outubro e j\u00e1 fez mais de 1 milh\u00e3o de visitas. S\u00e3o mais de 898 mil crian\u00e7as, 881 mil fam\u00edlias e 202 mil gestantes atendidas em 2.783 munic\u00edpios de todas as unidades federativas do Brasil.<\/p>\n\n\n\n<p>O programa foca no desenvolvimento integral das crian\u00e7as brasileiras, principalmente as que se encontram em situa\u00e7\u00e3o de vulnerabilidade social. O principal objetivo \u00e9 assegurar, com estrat\u00e9gias de visita\u00e7\u00e3o familiar, as condi\u00e7\u00f5es para que elas desenvolvam seus potenciais.<\/p>\n\n\n\n<p>As visitas domiciliares atendem fam\u00edlias com gestantes e\/ou crian\u00e7as de at\u00e9 tr\u00eas anos de idade, inseridas no Cadastro \u00danico e benefici\u00e1rias do Programa Bolsa Fam\u00edlia (PBF). E at\u00e9 seis de idades se a crian\u00e7a for benefici\u00e1ria do Benef\u00edcio de Presta\u00e7\u00e3o Continuada (BPC).<\/p>\n\n\n\n<figure class=\"wp-block-image\"><img decoding=\"async\" src=\"http:\/\/n1to.com.br\/img\/uploads\/cccc_4.jpg\" alt=\"\"\/><\/figure>\n\n\n\n<figure class=\"wp-block-image\"><img decoding=\"async\" src=\"https:\/\/central.to.gov.br\/image\/257381?w=753&amp;h=465\" alt=\"\"\/><\/figure>\n\n\n\n<p><em><strong>Crian\u00e7as Xerente acompanhadas pelo Programa Crian\u00e7a Feliz no Tocantins &#8211; Foto: Foto: Alexandre Alves\/Governo do Tocantins<\/strong><\/em><\/p>\n\n\n\n<figure class=\"wp-block-image\"><img decoding=\"async\" src=\"http:\/\/n1to.com.br\/img\/uploads\/aaaaaaaaaaaaa_2.jpg\" alt=\"\"\/><\/figure>\n","protected":false},"excerpt":{"rendered":"<p>A equipe do Programa Crian\u00e7a Feliz (PCF) de Tocant\u00ednia, a cerca de 90 km da capital, Palmas, est\u00e1 entre os dez munic\u00edpios brasileiros que participam e recebem pr\u00eamio durante o Semin\u00e1rio Nacional da Primeira Inf\u00e2ncia, promovido pelo Minist\u00e9rio da Cidadania, por desenvolvem a\u00e7\u00f5es bem-sucedidas no \u00e2mbito do Programa Crian\u00e7a Feliz. O munic\u00edpio tocantinense ser\u00e1 premiado &hellip;<\/p>\n","protected":false},"author":5,"featured_media":1663,"comment_status":"open","ping_status":"open","sticky":false,"template":"","format":"standard","meta":{"footnotes":""},"categories":[1],"tags":[],"class_list":["post-1660","post","type-post","status-publish","format-standard","has-post-thumbnail","","category-sem-categoria"],"_links":{"self":[{"href":"https:\/\/focotocantinense.com.br\/index.php?rest_route=\/wp\/v2\/posts\/1660","targetHints":{"allow":["GET"]}}],"collection":[{"href":"https:\/\/focotocantinense.com.br\/index.php?rest_route=\/wp\/v2\/posts"}],"about":[{"href":"https:\/\/focotocantinense.com.br\/index.php?rest_route=\/wp\/v2\/types\/post"}],"author":[{"embeddable":true,"href":"https:\/\/focotocantinense.com.br\/index.php?rest_route=\/wp\/v2\/users\/5"}],"replies":[{"embeddable":true,"href":"https:\/\/focotocantinense.com.br\/index.php?rest_route=%2Fwp%2Fv2%2Fcomments&post=1660"}],"version-history":[{"count":2,"href":"https:\/\/focotocantinense.com.br\/index.php?rest_route=\/wp\/v2\/posts\/1660\/revisions"}],"predecessor-version":[{"id":1662,"href":"https:\/\/focotocantinense.com.br\/index.php?rest_route=\/wp\/v2\/posts\/1660\/revisions\/1662"}],"wp:featuredmedia":[{"embeddable":true,"href":"https:\/\/focotocantinense.com.br\/index.php?rest_route=\/wp\/v2\/media\/1663"}],"wp:attachment":[{"href":"https:\/\/focotocantinense.com.br\/index.php?rest_route=%2Fwp%2Fv2%2Fmedia&parent=1660"}],"wp:term":[{"taxonomy":"category","embeddable":true,"href":"https:\/\/focotocantinense.com.br\/index.php?rest_route=%2Fwp%2Fv2%2Fcategories&post=1660"},{"taxonomy":"post_tag","embeddable":true,"href":"https:\/\/focotocantinense.com.br\/index.php?rest_route=%2Fwp%2Fv2%2Ftags&post=1660"}],"curies":[{"name":"wp","href":"https:\/\/api.w.org\/{rel}","templated":true}]}}