{"id":1651,"date":"2021-08-24T12:37:15","date_gmt":"2021-08-24T15:37:15","guid":{"rendered":"https:\/\/focotocantinense.com.br\/?p=1651"},"modified":"2021-08-24T12:39:52","modified_gmt":"2021-08-24T15:39:52","slug":"vereador-valdonio-rodrigues-solicita-ao-governo-do-estado-unidade-de-tratamento-contra-o-cancer-em-gurupi","status":"publish","type":"post","link":"https:\/\/focotocantinense.com.br\/?p=1651","title":{"rendered":"Vereador Vald\u00f4nio Rodrigues solicita ao Governo do Estado unidade de tratamento contra o c\u00e2ncer em Gurupi"},"content":{"rendered":"\n<p><strong>Fernanda Dias<\/strong><\/p>\n\n\n\n<p>A jornada de um tratamento para o c\u00e2ncer \u00e9 desafiadora desde o diagn\u00f3stico. As dificuldades enfrentadas s\u00e3o grandes, o paciente precisa sair de sua cidade e at\u00e9 mesmo do estado para tratar o c\u00e2ncer.<\/p>\n\n\n\n<p>No munic\u00edpio de Gurupi atualmente n\u00e3o existe nenhum atendimento p\u00fablico espec\u00edfico contra o c\u00e2ncer. Foi pensando nestes pacientes que o vereador Vald\u00f4nio Rodrigues (PSB) solicita anualmente ao Governo do Estado por meio de requerimentos para realizar um estudo em atender pacientes em tratamento de c\u00e2ncer no novo Hospital Geral de Gurupi.<\/p>\n\n\n\n<p>Na manh\u00e3 desta ter\u00e7a-feira, 24, o vereador apresentou durante a sess\u00e3o ordin\u00e1ria na C\u00e2mara Municipal dois Requerimentos n\u00b0 264\/21 e 265\/21 ao Governador Mauro Carlesse (PSL) e ao Secret\u00e1rio de Estado da Sa\u00fade, Luiz Edgar Le\u00e3o Tolini, refor\u00e7ando a import\u00e2ncia deste estudo para amenizar o sofrimento de pacientes que deslocam da cidade em busca de tratamento. &nbsp;<\/p>\n\n\n\n<p>\u201cA implanta\u00e7\u00e3o de um atendimento especializado de c\u00e2ncer na cidade de Gurupi, beneficiar\u00e1 n\u00e3o somente a cidade acolhedora do servi\u00e7o, mas tamb\u00e9m a regional e cidades vizinhas. Uma verdadeira reviravolta da vida, que somente quem est\u00e1 passando ou j\u00e1 passou por tratamento pode ter no\u00e7\u00e3o da dimens\u00e3o\u201d, explica o vereador Vald\u00f4nio Rodrigues.&nbsp;<\/p>\n\n\n\n<p>O parlamentar cita na justificativa dos requerimentos, os direitos previstos na Constitui\u00e7\u00e3o Federal, especificamente no artigo 196, que determina que \u201ca sa\u00fade \u00e9 direito de todos e dever do Estado, garantido mediante pol\u00edticas sociais e econ\u00f4micas&#8221;.<\/p>\n\n\n\n<p>Ele lembra ainda que o direito \u00e0 sa\u00fade \u00e9 regido pelos princ\u00edpios da universalidade e da igualdade de acesso \u00e0s a\u00e7\u00f5es e servi\u00e7os voltados \u00e0 prote\u00e7\u00e3o e recupera\u00e7\u00e3o do paciente.<\/p>\n\n\n\n<p>\u201cQuanto maior a acessibilidade do cidad\u00e3o ao sistema de sa\u00fade, em especial aos servi\u00e7os que combatem os diversos tipos de c\u00e2nceres que podem acometer, maiores ser\u00e3o as chances de salvar vidas\u201d, finaliza Vald\u00f4nio Rodrigues.<\/p>\n\n\n\n<figure class=\"wp-block-image\"><img decoding=\"async\" src=\"https:\/\/www.n1to.com.br\/img\/cache\/800x400\/80\/crop\/Imagem-6c916d2f55fe35ae45fa7e528c3b4389.jpg\" alt=\"\"\/><\/figure>\n","protected":false},"excerpt":{"rendered":"<p>Fernanda Dias A jornada de um tratamento para o c\u00e2ncer \u00e9 desafiadora desde o diagn\u00f3stico. As dificuldades enfrentadas s\u00e3o grandes, o paciente precisa sair de sua cidade e at\u00e9 mesmo do estado para tratar o c\u00e2ncer. No munic\u00edpio de Gurupi atualmente n\u00e3o existe nenhum atendimento p\u00fablico espec\u00edfico contra o c\u00e2ncer. Foi pensando nestes pacientes que &hellip;<\/p>\n","protected":false},"author":5,"featured_media":1654,"comment_status":"open","ping_status":"open","sticky":false,"template":"","format":"standard","meta":{"footnotes":""},"categories":[1],"tags":[],"class_list":["post-1651","post","type-post","status-publish","format-standard","has-post-thumbnail","","category-sem-categoria"],"_links":{"self":[{"href":"https:\/\/focotocantinense.com.br\/index.php?rest_route=\/wp\/v2\/posts\/1651","targetHints":{"allow":["GET"]}}],"collection":[{"href":"https:\/\/focotocantinense.com.br\/index.php?rest_route=\/wp\/v2\/posts"}],"about":[{"href":"https:\/\/focotocantinense.com.br\/index.php?rest_route=\/wp\/v2\/types\/post"}],"author":[{"embeddable":true,"href":"https:\/\/focotocantinense.com.br\/index.php?rest_route=\/wp\/v2\/users\/5"}],"replies":[{"embeddable":true,"href":"https:\/\/focotocantinense.com.br\/index.php?rest_route=%2Fwp%2Fv2%2Fcomments&post=1651"}],"version-history":[{"count":1,"href":"https:\/\/focotocantinense.com.br\/index.php?rest_route=\/wp\/v2\/posts\/1651\/revisions"}],"predecessor-version":[{"id":1652,"href":"https:\/\/focotocantinense.com.br\/index.php?rest_route=\/wp\/v2\/posts\/1651\/revisions\/1652"}],"wp:featuredmedia":[{"embeddable":true,"href":"https:\/\/focotocantinense.com.br\/index.php?rest_route=\/wp\/v2\/media\/1654"}],"wp:attachment":[{"href":"https:\/\/focotocantinense.com.br\/index.php?rest_route=%2Fwp%2Fv2%2Fmedia&parent=1651"}],"wp:term":[{"taxonomy":"category","embeddable":true,"href":"https:\/\/focotocantinense.com.br\/index.php?rest_route=%2Fwp%2Fv2%2Fcategories&post=1651"},{"taxonomy":"post_tag","embeddable":true,"href":"https:\/\/focotocantinense.com.br\/index.php?rest_route=%2Fwp%2Fv2%2Ftags&post=1651"}],"curies":[{"name":"wp","href":"https:\/\/api.w.org\/{rel}","templated":true}]}}