{"id":1646,"date":"2021-08-19T16:11:27","date_gmt":"2021-08-19T19:11:27","guid":{"rendered":"https:\/\/focotocantinense.com.br\/?p=1646"},"modified":"2021-08-19T16:27:59","modified_gmt":"2021-08-19T19:27:59","slug":"com-atuacao-destacada-em-tocantinopolis-clube-de-leitura-blackout-virtual-comemora-cinco-anos-de-existencia","status":"publish","type":"post","link":"https:\/\/focotocantinense.com.br\/?p=1646","title":{"rendered":"Com atua\u00e7\u00e3o destacada em Tocantin\u00f3polis, Clube de Leitura Blackout Virtual comemora cinco anos  de exist\u00eancia"},"content":{"rendered":"\n<p><\/p>\n\n\n\n<p>A presidente do Clube de Leitura Blackout Virtual (CLBV), &nbsp;em Tocantin\u00f3polis, Marynalva Abreu, participou como interlocutora do semin\u00e1rio virtual \u201c<em>Arte, t\u00e9cnica e paix\u00e3o: a gest\u00e3o de projetos de forma\u00e7\u00e3o de leitores no Brasil contempor\u00e2neo<\/em>\u201d, que faz parte dos trabalhos da pesquisa nacional \u201c<em>O Brasil que L\u00ea<\/em>\u201d, desenvolvida pelo Instituto Interdisciplinar de Leitura da PUC-Rio, C\u00e1tedra Unesco de Leitura da PUC-Rio, pelo Ita\u00fa Cultural e pela JCastilho Consultoria. O objetivo da pesquisa \u201c<em>O Brasil que L\u00ea<\/em>\u201d \u00e9 mapear, sistematizar e analisar metodologias, tecnologias e pr\u00e1ticas de incentivo \u00e0 leitura realizadas no Brasil.<\/p>\n\n\n\n<p>De acordo com Marynalva Abreu, a pesquisa visa explorar e reconhecer as melhores experi\u00eancias de fomento \u00e0 leitura nos \u00faltimos anos no Brasil. Nesse sentido, as metodologias de fomento \u00e0 leitura liter\u00e1ria, aplicadas pelo Clube de Leitura Blackout Virtual, se destacaram entre os projetos desenvolvidos por diversos agentes da sociedade brasileira, tais como: escolas estaduais e municipais, universidades p\u00fablicas e privadas, bibliotecas p\u00fablicas, privadas e comunit\u00e1rias e organiza\u00e7\u00f5es sociais.<\/p>\n\n\n\n<p><strong>Quatro encontros<\/strong><\/p>\n\n\n\n<p>O Webin\u00e1rio foi dividido em quatro encontros, e o CLBV participou do segundo encontro com o tema \u201c<em>Qual leitor? Como agimos e quem \u00e9 nosso p\u00fablico. \u00c9 preciso inova<\/em>r?\u201d. &nbsp;O semin\u00e1rio, que aconteceu no dia 13 de agosto, foi mediado por Gilda Carvalho(PUC-RIO) e contou com a participa\u00e7\u00e3o de quatro palestrantes, sendo: Denise Ramalho (PUC-RIO), Dolores Prades (Instituto Em\u00edlia\/ SP), Maria Bernadete Passos (Instituto Colibri\/RNBC) e Vera Aguiar (PUC-RS).<\/p>\n\n\n\n<p>Participaram da mesa virtual as representantes de dois projetos convidados: o Clube de Leitura Blackout, de Tocantin\u00f3polis, &nbsp;e \u201c<em>Direito \u00e0 po<\/em>esia\u201d, de Foz do Igua\u00e7u (PR), que teve como debatedora Cristiane Checchia. As representantes dos projetos convidados, que est\u00e3o na linha de frente na forma\u00e7\u00e3o de leitores no Brasil, conversaram com os expositores e apresentaram as principais atividades desenvolvidas nos \u00faltimos anos.&nbsp;<\/p>\n\n\n\n<p><strong>Sobre o CLBV<\/strong><br>O Clube de Leitura Blackout \u00a0Virtual (CLBV) foi fundado em agosto de 2016, em Tocantin\u00f3polis,\u00a0 como uma Associa\u00e7\u00e3o sem fins lucrativos, pol\u00edticos ou religiosos, com fins culturais, art\u00edsticos e esportivos. Suas a\u00e7\u00f5es s\u00e3o voltadas para o p\u00fablico infantil e juvenil e o seu foco \u00e9 oferecer alternativas para preencher e tornar-se mais produtivo o tempo das crian\u00e7as e adolescentes, aproximando-os dos livros liter\u00e1rios, sejam eles impressos ou digitais e incentivando-os a praticarem atividades culturais, esportivas, de lazer e entretenimento. Foi declarada de Utilidade P\u00fablica Municipal, por meio da Lei n\u00ba 1.053, de 19 de outubro de 2018<\/p>\n\n\n\n<p><strong>Parcerias<\/strong><\/p>\n\n\n\n<p>Em 2017, o Clube firmou parceria com a Universidade Federal do Tocantins, campus de Tocantin\u00f3polis. A UFT registra as oficinas liter\u00e1rias e as demais atividades realizadas pelo CLBV, como projeto de extens\u00e3o, cadastrado no SIGPROJ (Sistema de Informa\u00e7\u00e3o e Gest\u00e3o de Projetos da UFT). Em 2018 a entidade assinou conv\u00eanio com o 1\u00aa Promotoria de Justi\u00e7a e com o F\u00f3rum da Comarca de Tocantin\u00f3polis.<\/p>\n\n\n\n<p>Vale ressaltar que, como o Clube n\u00e3o possui recursos pr\u00f3prios, todas as atividades realizadas contam com a participa\u00e7\u00e3o de diversos volunt\u00e1rios e tamb\u00e9m com parceiros importantes como escritores locais e regionais, doadores de livros de literatura e doadores das premia\u00e7\u00f5es destinadas ao Concurso Leitor Nota 10. Os parceiros que merecem destaque pela participa\u00e7\u00e3o ativa, durante os cinco primeiros anos, s\u00e3o: vereador e delegado Dr. Tiago Daniel, poeta Giano Guimar\u00e3es, professora Ana Cristina Pereira Teles, C\u00e1ssia Maria da Silva Freitas e Guilherme Silva Abreu.&nbsp;<\/p>\n\n\n\n<p><strong>Atividades<\/strong><\/p>\n\n\n\n<p>As principais atividades realizadas pelo CLBV, durante os primeiros cinco anos, foram: Festival Liter\u00e1rio e Cultural\/FLITOC, aberto ao p\u00fablico, com apresenta\u00e7\u00f5es culturais, recital de poesias, pe\u00e7as teatrais, festival de m\u00fasica e homenagem a escritores locais e regionais; Concurso \u201cQuem ler mais? Meninos x Meninas; Gincana liter\u00e1ria; \u201cNoite do cinema\u201d, com sess\u00e3o de cinema aberta ao p\u00fablico; Concurso \u201cLeitor Nota 10\u201d, com diversas premia\u00e7\u00f5es; Mesas de debate sobre leitura e produ\u00e7\u00e3o liter\u00e1ria, com a participa\u00e7\u00e3o de escritores locais, regionais e professores da UFT; Recontos de hist\u00f3rias infantis com avental da imagina\u00e7\u00e3o e palestras de est\u00edmulo \u00e0 leitura liter\u00e1ria.<\/p>\n\n\n\n<figure class=\"wp-block-image\"><img decoding=\"async\" src=\"https:\/\/1.bp.blogspot.com\/-iEtGOFIaNPA\/YR6wHvfyYnI\/AAAAAAAAMbw\/dFymp-Q1S6U6xPuK7RT3ZaIOln4dqQ9wACNcBGAsYHQ\/w388-h250\/Sem%2Bt%25C3%25ADtulo.jpg\" alt=\"\"\/><\/figure>\n","protected":false},"excerpt":{"rendered":"<p>A presidente do Clube de Leitura Blackout Virtual (CLBV), &nbsp;em Tocantin\u00f3polis, Marynalva Abreu, participou como interlocutora do semin\u00e1rio virtual \u201cArte, t\u00e9cnica e paix\u00e3o: a gest\u00e3o de projetos de forma\u00e7\u00e3o de leitores no Brasil contempor\u00e2neo\u201d, que faz parte dos trabalhos da pesquisa nacional \u201cO Brasil que L\u00ea\u201d, desenvolvida pelo Instituto Interdisciplinar de Leitura da PUC-Rio, C\u00e1tedra &hellip;<\/p>\n","protected":false},"author":5,"featured_media":1648,"comment_status":"open","ping_status":"open","sticky":false,"template":"","format":"standard","meta":{"footnotes":""},"categories":[1],"tags":[],"class_list":["post-1646","post","type-post","status-publish","format-standard","has-post-thumbnail","","category-sem-categoria"],"_links":{"self":[{"href":"https:\/\/focotocantinense.com.br\/index.php?rest_route=\/wp\/v2\/posts\/1646","targetHints":{"allow":["GET"]}}],"collection":[{"href":"https:\/\/focotocantinense.com.br\/index.php?rest_route=\/wp\/v2\/posts"}],"about":[{"href":"https:\/\/focotocantinense.com.br\/index.php?rest_route=\/wp\/v2\/types\/post"}],"author":[{"embeddable":true,"href":"https:\/\/focotocantinense.com.br\/index.php?rest_route=\/wp\/v2\/users\/5"}],"replies":[{"embeddable":true,"href":"https:\/\/focotocantinense.com.br\/index.php?rest_route=%2Fwp%2Fv2%2Fcomments&post=1646"}],"version-history":[{"count":3,"href":"https:\/\/focotocantinense.com.br\/index.php?rest_route=\/wp\/v2\/posts\/1646\/revisions"}],"predecessor-version":[{"id":1650,"href":"https:\/\/focotocantinense.com.br\/index.php?rest_route=\/wp\/v2\/posts\/1646\/revisions\/1650"}],"wp:featuredmedia":[{"embeddable":true,"href":"https:\/\/focotocantinense.com.br\/index.php?rest_route=\/wp\/v2\/media\/1648"}],"wp:attachment":[{"href":"https:\/\/focotocantinense.com.br\/index.php?rest_route=%2Fwp%2Fv2%2Fmedia&parent=1646"}],"wp:term":[{"taxonomy":"category","embeddable":true,"href":"https:\/\/focotocantinense.com.br\/index.php?rest_route=%2Fwp%2Fv2%2Fcategories&post=1646"},{"taxonomy":"post_tag","embeddable":true,"href":"https:\/\/focotocantinense.com.br\/index.php?rest_route=%2Fwp%2Fv2%2Ftags&post=1646"}],"curies":[{"name":"wp","href":"https:\/\/api.w.org\/{rel}","templated":true}]}}