{"id":1642,"date":"2021-08-18T16:06:47","date_gmt":"2021-08-18T19:06:47","guid":{"rendered":"https:\/\/focotocantinense.com.br\/?p=1642"},"modified":"2021-08-18T16:08:27","modified_gmt":"2021-08-18T19:08:27","slug":"camara-de-tocantinopolis-aprova-mocao-de-aplausos-a-professora-e-escritora-consola-brito","status":"publish","type":"post","link":"https:\/\/focotocantinense.com.br\/?p=1642","title":{"rendered":"C\u00e2mara de Tocantin\u00f3polis aprova Mo\u00e7\u00e3o de Aplausos \u00e0 professora e escritora Consola Brito"},"content":{"rendered":"\n<p>Por iniciativa do vereador Delegado Tiago Daniel (PTB), a C\u00e2mara Municipal de Tocantin\u00f3polis aprovou Mo\u00e7\u00e3o de Aplausos \u00e0 escritora e&nbsp; professora Consola Brito, pelo recente lan\u00e7amento de seu terceiro livro, intitulado de Dr. Murilo Vilela em cordel: Solidariedade e gratid\u00e3o\u201d, publicado pela Editora Veloso.<\/p>\n\n\n\n<p>De acordo com o autor da proposta,&nbsp; vereador Delega Tiago Daniel, ao longo do tempo, a escritora e professora Consola Brito v\u00eam se destacando, de forma memor\u00e1vel, no universo da literatura no munic\u00edpio.<\/p>\n\n\n\n<p>\u201cEsta sua mais recente obra faz uma justa e merecida homenagem ao saudoso Dr. Murilo Vilela que, em vida, prestou relevantes servi\u00e7os em Tocantin\u00f3polis. Diante de tal iniciativa, Consola Brito merece o reconhecimento p\u00fablico desta Casa de Leis\u201d, argumentou o vereador.<\/p>\n\n\n\n<figure class=\"wp-block-image\"><img decoding=\"async\" src=\"https:\/\/portaldoamaral.com.br\/wp-content\/uploads\/2021\/08\/WhatsApp-Image-2021-08-18-at-13.30.59.jpeg\" alt=\"\"\/><\/figure>\n\n\n\n<p><\/p>\n","protected":false},"excerpt":{"rendered":"<p>Por iniciativa do vereador Delegado Tiago Daniel (PTB), a C\u00e2mara Municipal de Tocantin\u00f3polis aprovou Mo\u00e7\u00e3o de Aplausos \u00e0 escritora e&nbsp; professora Consola Brito, pelo recente lan\u00e7amento de seu terceiro livro, intitulado de Dr. Murilo Vilela em cordel: Solidariedade e gratid\u00e3o\u201d, publicado pela Editora Veloso. De acordo com o autor da proposta,&nbsp; vereador Delega Tiago Daniel, &hellip;<\/p>\n","protected":false},"author":5,"featured_media":1645,"comment_status":"open","ping_status":"open","sticky":false,"template":"","format":"standard","meta":{"footnotes":""},"categories":[1],"tags":[],"class_list":["post-1642","post","type-post","status-publish","format-standard","has-post-thumbnail","","category-sem-categoria"],"_links":{"self":[{"href":"https:\/\/focotocantinense.com.br\/index.php?rest_route=\/wp\/v2\/posts\/1642","targetHints":{"allow":["GET"]}}],"collection":[{"href":"https:\/\/focotocantinense.com.br\/index.php?rest_route=\/wp\/v2\/posts"}],"about":[{"href":"https:\/\/focotocantinense.com.br\/index.php?rest_route=\/wp\/v2\/types\/post"}],"author":[{"embeddable":true,"href":"https:\/\/focotocantinense.com.br\/index.php?rest_route=\/wp\/v2\/users\/5"}],"replies":[{"embeddable":true,"href":"https:\/\/focotocantinense.com.br\/index.php?rest_route=%2Fwp%2Fv2%2Fcomments&post=1642"}],"version-history":[{"count":2,"href":"https:\/\/focotocantinense.com.br\/index.php?rest_route=\/wp\/v2\/posts\/1642\/revisions"}],"predecessor-version":[{"id":1644,"href":"https:\/\/focotocantinense.com.br\/index.php?rest_route=\/wp\/v2\/posts\/1642\/revisions\/1644"}],"wp:featuredmedia":[{"embeddable":true,"href":"https:\/\/focotocantinense.com.br\/index.php?rest_route=\/wp\/v2\/media\/1645"}],"wp:attachment":[{"href":"https:\/\/focotocantinense.com.br\/index.php?rest_route=%2Fwp%2Fv2%2Fmedia&parent=1642"}],"wp:term":[{"taxonomy":"category","embeddable":true,"href":"https:\/\/focotocantinense.com.br\/index.php?rest_route=%2Fwp%2Fv2%2Fcategories&post=1642"},{"taxonomy":"post_tag","embeddable":true,"href":"https:\/\/focotocantinense.com.br\/index.php?rest_route=%2Fwp%2Fv2%2Ftags&post=1642"}],"curies":[{"name":"wp","href":"https:\/\/api.w.org\/{rel}","templated":true}]}}