{"id":1639,"date":"2021-08-17T16:46:53","date_gmt":"2021-08-17T19:46:53","guid":{"rendered":"https:\/\/focotocantinense.com.br\/?p=1639"},"modified":"2021-08-17T16:47:42","modified_gmt":"2021-08-17T19:47:42","slug":"secretaria-do-idoso-participa-de-oficina-sobre-pacto-nacional-dos-direitos-da-pessoa-idosa","status":"publish","type":"post","link":"https:\/\/focotocantinense.com.br\/?p=1639","title":{"rendered":"Secretaria do Idoso participa de Oficina sobre Pacto Nacional dos Direitos da Pessoa Idosa"},"content":{"rendered":"\n<p>Na manh\u00e3 desta segunda-feira, 16, foi realizada a oficina de sensibiliza\u00e7\u00e3o sobre o Pacto Nacional dos Direitos da Pessoa Idosa com a presen\u00e7a do Secret\u00e1rio Nacional de Promo\u00e7\u00e3o e Defesa dos Direitos da Pessoa Idosa, do Minist\u00e9rio da Mulher, da Fam\u00edlia e dos Direitos Humanos (MMFDH), Ant\u00f4nio Costa. Gurupi participou do evento virtual por meio da Secretaria Municipal do Idoso.<\/p>\n\n\n\n<p>O Pacto busca assumir um compromisso formal entre os governos Federal, Estadual e Municipal de implementa\u00e7\u00e3o \u00e0s principais pol\u00edticas p\u00fablicas que visam \u00e0 promo\u00e7\u00e3o e defesa dos direitos das pessoas idosas, previstas no Estatuto do Idoso. Na oportunidade foi abordado a import\u00e2ncia do pacto para fomentar pol\u00edticas p\u00fablicas para a pessoa idoso, bem como os recursos disponibilizados por meio dos programas do governo Federal.<\/p>\n\n\n\n<p>O diretor municipal do Idoso, Vin\u00edcius Martins, v\u00ea com bons olhos o pacto, pois, segundo ele, possibilita um alinhamento estrat\u00e9gico das a\u00e7\u00f5es entre Governo Federal, Estadual e Municipal. \u201c\u00c9 determina\u00e7\u00e3o da prefeita Josi Nunes, juntamente com o Secret\u00e1rio do Idoso Gleydson Nato, que pol\u00edticas de defesa, prote\u00e7\u00e3o e promo\u00e7\u00e3o do idoso em nosso munic\u00edpio v\u00e3o ao encontro das reais necessidades dos nossos idosos, proporcionando uma maior qualidade de vida\u201d, finaliza o diretor.<\/p>\n\n\n\n<p>A presidente do Conselho Estadual da Pessoa Idoso, Amanda Costa, tamb\u00e9m participou do evento e ressaltou que essa foi a terceira reuni\u00e3o envolvendo os munic\u00edpios tocantinenses com o objetivo de possibilitar aos conselhos, por meio do Minist\u00e9rio, a forma\u00e7\u00e3o dos conselheiros municipais do idoso. \u201cN\u00f3s precisamos fortalecer a pol\u00edtica p\u00fablica da pessoa idosa nos munic\u00edpios. E esse momento foi para que n\u00f3s pud\u00e9ssemos informar \u00e0s secretarias que eles tem um planejamento do Governo Federal de capacita\u00e7\u00e3o, de fortalecimentos do fundos e de outras pol\u00edticas voltadas para a pessoa idosa\u201d, frisou.<\/p>\n\n\n\n<figure class=\"wp-block-image\"><img decoding=\"async\" src=\"https:\/\/www.n1to.com.br\/img\/cache\/800x400\/80\/crop\/Imagem-b67d692d6c305c68420f0787425a53be.jpg\" alt=\"\"\/><\/figure>\n","protected":false},"excerpt":{"rendered":"<p>Na manh\u00e3 desta segunda-feira, 16, foi realizada a oficina de sensibiliza\u00e7\u00e3o sobre o Pacto Nacional dos Direitos da Pessoa Idosa com a presen\u00e7a do Secret\u00e1rio Nacional de Promo\u00e7\u00e3o e Defesa dos Direitos da Pessoa Idosa, do Minist\u00e9rio da Mulher, da Fam\u00edlia e dos Direitos Humanos (MMFDH), Ant\u00f4nio Costa. Gurupi participou do evento virtual por meio &hellip;<\/p>\n","protected":false},"author":5,"featured_media":1641,"comment_status":"open","ping_status":"open","sticky":false,"template":"","format":"standard","meta":{"footnotes":""},"categories":[1],"tags":[],"class_list":["post-1639","post","type-post","status-publish","format-standard","has-post-thumbnail","","category-sem-categoria"],"_links":{"self":[{"href":"https:\/\/focotocantinense.com.br\/index.php?rest_route=\/wp\/v2\/posts\/1639","targetHints":{"allow":["GET"]}}],"collection":[{"href":"https:\/\/focotocantinense.com.br\/index.php?rest_route=\/wp\/v2\/posts"}],"about":[{"href":"https:\/\/focotocantinense.com.br\/index.php?rest_route=\/wp\/v2\/types\/post"}],"author":[{"embeddable":true,"href":"https:\/\/focotocantinense.com.br\/index.php?rest_route=\/wp\/v2\/users\/5"}],"replies":[{"embeddable":true,"href":"https:\/\/focotocantinense.com.br\/index.php?rest_route=%2Fwp%2Fv2%2Fcomments&post=1639"}],"version-history":[{"count":1,"href":"https:\/\/focotocantinense.com.br\/index.php?rest_route=\/wp\/v2\/posts\/1639\/revisions"}],"predecessor-version":[{"id":1640,"href":"https:\/\/focotocantinense.com.br\/index.php?rest_route=\/wp\/v2\/posts\/1639\/revisions\/1640"}],"wp:featuredmedia":[{"embeddable":true,"href":"https:\/\/focotocantinense.com.br\/index.php?rest_route=\/wp\/v2\/media\/1641"}],"wp:attachment":[{"href":"https:\/\/focotocantinense.com.br\/index.php?rest_route=%2Fwp%2Fv2%2Fmedia&parent=1639"}],"wp:term":[{"taxonomy":"category","embeddable":true,"href":"https:\/\/focotocantinense.com.br\/index.php?rest_route=%2Fwp%2Fv2%2Fcategories&post=1639"},{"taxonomy":"post_tag","embeddable":true,"href":"https:\/\/focotocantinense.com.br\/index.php?rest_route=%2Fwp%2Fv2%2Ftags&post=1639"}],"curies":[{"name":"wp","href":"https:\/\/api.w.org\/{rel}","templated":true}]}}