{"id":1629,"date":"2021-08-16T13:01:59","date_gmt":"2021-08-16T16:01:59","guid":{"rendered":"https:\/\/focotocantinense.com.br\/?p=1629"},"modified":"2021-08-16T13:06:35","modified_gmt":"2021-08-16T16:06:35","slug":"governador-mauro-carlesse-participa-do-festejo-do-bonfim-em-natividade","status":"publish","type":"post","link":"https:\/\/focotocantinense.com.br\/?p=1629","title":{"rendered":"Governador Mauro Carlesse participa do Festejo do Bonfim em Natividade"},"content":{"rendered":"\n<p>O governador do Estado do Tocantins, Mauro Carlesse, deu uma pausa em sua agenda de trabalho para participar do Festejo do Senhor do Bonfim, no munic\u00edpio de Natividade.&nbsp;<\/p>\n\n\n\n<p>Nesse s\u00e1bado, 14, como j\u00e1 \u00e9 de costume, o Governador se juntou aos romeiros na caminhada de Natividade ao santu\u00e1rio.&nbsp;Neste domingo, 15, ele se recolheu no altar principal do santu\u00e1rio para um momento de ora\u00e7\u00e3o e foi recebido na casa paroquial pelo p\u00e1roco Leomar Souza.&nbsp;<\/p>\n\n\n\n<p>&#8220;Esse \u00e9 um momento de f\u00e9, de uni\u00e3o de todos os tocantinenses. \u00c9 um momento de recolhimento e agradecimento ao Senhor do Bonfim pelas gra\u00e7as, pelas conquistas e para pedir for\u00e7a, sa\u00fade e intelig\u00eancia para enfrentar os desafios. Estou renovado e feliz de estar neste local religioso e hist\u00f3rico, junto com o povo e com o padre Leomar, que nos recebeu t\u00e3o bem. O santu\u00e1rio do Senhor do Bonfim \u00e9 um local aben\u00e7oado, ideal para agradecer pelas gra\u00e7as recebidas e renovar a nossa f\u00e9&#8221;, ressaltou.<\/p>\n\n\n\n<p>Para melhor atender os visitantes, o Governo do Tocantins realizou a limpeza do local, bem como das rodovias de acesso ao local. Outra medida importante foi no aspecto de seguran\u00e7a, com policiamento ostensivo nas rodovias e no interior do santu\u00e1rio.&nbsp;Essas a\u00e7\u00f5es visam&nbsp;proporcionar mais comodidade aos que procuram o santu\u00e1rio para pagar suas promessas e buscar paz espiritual.<\/p>\n\n\n\n<p>O Governo do Estado tamb\u00e9m conta com o Centro de Apoio, que&nbsp; atende os romeiros das 6 \u00e0s 23 horas, desde o dia 7 deste m\u00eas at\u00e9 esta segunda-feira, 16. Os visitantes s\u00e3o recepcionados por uma equipe multifuncional que oferta \u00e1gua, alimentos leves, banheiros, cadeiras para descanso, assist\u00eancia \u00e0 sa\u00fade e orienta\u00e7\u00f5es sobre os protocolos de distanciamento da covid-19.&nbsp;<\/p>\n\n\n\n<p><strong>Festa do Bonfim&nbsp;<\/strong><\/p>\n\n\n\n<p>O Festejo do Senhor do Bonfim de Natividade ocorre h\u00e1 mais de dois s\u00e9culos e deu origem \u00e0 primeira igreja constru\u00edda no povoado, em 1750. Conta a tradi\u00e7\u00e3o que um vaqueiro encontrou uma imagem do Senhor do Bonfim em cima de um toco de \u00e1rvore e, ap\u00f3s lev\u00e1-la para Natividade, a imagem voltou a aparecer de forma inexplic\u00e1vel em Bonfim, nas cercanias da sede do munic\u00edpio. Como o santo n\u00e3o parava na cidade, os devotos come\u00e7aram a seguir a p\u00e9 at\u00e9 o povoado, onde at\u00e9 hoje rezam, fazem e pagam promessas por gra\u00e7as alcan\u00e7adas e atribu\u00eddas ao Senhor do Bonfim.&nbsp;&nbsp;<\/p>\n\n\n\n<p><strong>Tradi\u00e7\u00e3o<\/strong><\/p>\n\n\n\n<p>\u00c9 tradi\u00e7\u00e3o que os moradores da cidade comecem a organizar os festejos e se preparar para receber os romeiros com meses de anteced\u00eancia. Geralmente pessoas mais velhas e devotas preparam o templo, lavando-o e enfeitando o altar. Como n\u00e3o h\u00e1 acomoda\u00e7\u00f5es para os milhares de romeiros, fam\u00edlias preparam alimentos e abrem suas casas para acomodar gratuitamente parentes e conhecidos. Por\u00e9m, a grande maioria se instala em tendas armadas nos arredores da igreja.&nbsp;<\/p>\n\n\n\n<p><\/p>\n\n\n\n<p><img decoding=\"async\" src=\"https:\/\/central.to.gov.br\/image\/255939?w=565&amp;h=349\"><\/p>\n\n\n\n<p>Governador ressalta que o santu\u00e1rio do Senhor do Bonfim \u00e9 um local aben\u00e7oado, ideal para agradecer as gra\u00e7as recebidas e renovar a nossa f\u00e9 &#8211; Esequias Ara\u00fajo\/Governo do Tocantins<img decoding=\"async\" src=\"https:\/\/central.to.gov.br\/image\/255940?w=565&amp;h=349\"><\/p>\n\n\n\n<p>Na missa do Senhor do Bonfim, Governador foi recebido pelo p\u00e1roco Leomar Souza <\/p>\n\n\n\n<p><img decoding=\"async\" src=\"https:\/\/central.to.gov.br\/image\/255941?w=565&amp;h=349\"><\/p>\n\n\n\n<p><img decoding=\"async\" src=\"https:\/\/central.to.gov.br\/image\/255942?w=565&amp;h=349\"><\/p>\n\n\n\n<p>Mauro Carlesse deu uma pausa em sua agenda de trabalho para participar do Festejo do Senhor do Bonfim, no munic\u00edpio de Natividade <\/p>\n","protected":false},"excerpt":{"rendered":"<p>O governador do Estado do Tocantins, Mauro Carlesse, deu uma pausa em sua agenda de trabalho para participar do Festejo do Senhor do Bonfim, no munic\u00edpio de Natividade.&nbsp; Nesse s\u00e1bado, 14, como j\u00e1 \u00e9 de costume, o Governador se juntou aos romeiros na caminhada de Natividade ao santu\u00e1rio.&nbsp;Neste domingo, 15, ele se recolheu no altar &hellip;<\/p>\n","protected":false},"author":5,"featured_media":1633,"comment_status":"open","ping_status":"open","sticky":false,"template":"","format":"standard","meta":{"footnotes":""},"categories":[1],"tags":[],"class_list":["post-1629","post","type-post","status-publish","format-standard","has-post-thumbnail","","category-sem-categoria"],"_links":{"self":[{"href":"https:\/\/focotocantinense.com.br\/index.php?rest_route=\/wp\/v2\/posts\/1629","targetHints":{"allow":["GET"]}}],"collection":[{"href":"https:\/\/focotocantinense.com.br\/index.php?rest_route=\/wp\/v2\/posts"}],"about":[{"href":"https:\/\/focotocantinense.com.br\/index.php?rest_route=\/wp\/v2\/types\/post"}],"author":[{"embeddable":true,"href":"https:\/\/focotocantinense.com.br\/index.php?rest_route=\/wp\/v2\/users\/5"}],"replies":[{"embeddable":true,"href":"https:\/\/focotocantinense.com.br\/index.php?rest_route=%2Fwp%2Fv2%2Fcomments&post=1629"}],"version-history":[{"count":2,"href":"https:\/\/focotocantinense.com.br\/index.php?rest_route=\/wp\/v2\/posts\/1629\/revisions"}],"predecessor-version":[{"id":1632,"href":"https:\/\/focotocantinense.com.br\/index.php?rest_route=\/wp\/v2\/posts\/1629\/revisions\/1632"}],"wp:featuredmedia":[{"embeddable":true,"href":"https:\/\/focotocantinense.com.br\/index.php?rest_route=\/wp\/v2\/media\/1633"}],"wp:attachment":[{"href":"https:\/\/focotocantinense.com.br\/index.php?rest_route=%2Fwp%2Fv2%2Fmedia&parent=1629"}],"wp:term":[{"taxonomy":"category","embeddable":true,"href":"https:\/\/focotocantinense.com.br\/index.php?rest_route=%2Fwp%2Fv2%2Fcategories&post=1629"},{"taxonomy":"post_tag","embeddable":true,"href":"https:\/\/focotocantinense.com.br\/index.php?rest_route=%2Fwp%2Fv2%2Ftags&post=1629"}],"curies":[{"name":"wp","href":"https:\/\/api.w.org\/{rel}","templated":true}]}}