{"id":1622,"date":"2021-08-12T19:52:34","date_gmt":"2021-08-12T22:52:34","guid":{"rendered":"https:\/\/focotocantinense.com.br\/?p=1622"},"modified":"2021-08-12T20:08:01","modified_gmt":"2021-08-12T23:08:01","slug":"professores-de-tocantinia-participam-de-encontro-literario-com-a-escritora-irma-galhardo","status":"publish","type":"post","link":"https:\/\/focotocantinense.com.br\/?p=1622","title":{"rendered":"Professores de Tocant\u00ednia participam de encontro liter\u00e1rio com a escritora Irma Galhardo"},"content":{"rendered":"\n<p><strong>Por Zacarias Martins<\/strong>&nbsp;<\/p>\n\n\n\n<p>Com o apoio da Prefeitura de Tocant\u00ednia, por meio da Secretaria Municipal de Educa\u00e7\u00e3o (Semed), a cidade&nbsp; est\u00e1 recebendo, nesta semana,&nbsp; o&nbsp;<strong>Projeto Caravana Tocantins Po\u00e9tico e Lend\u00e1ri<\/strong>o, com a consagrada escritora Irma Galhardo, da Academia Palmense de Letras.<\/p>\n\n\n\n<p>O secret\u00e1rio de Educa\u00e7\u00e3o do munic\u00edpio,&nbsp; Andr\u00e9 Goveia, explica que o p\u00fablico alvo dessa iniciativa que acontece na Escola Municipal de Tempo Integral Antonio Benvindo da Luz,&nbsp; s\u00e3o os professores e regentes da Rede Municipal de Educa\u00e7\u00e3o, que est\u00e3o passando por um interc\u00e2mbio cultural.<\/p>\n\n\n\n<p>A iniciativa visa incrementar ainda mais o&nbsp; Projeto Leitura Viva, desenvolvido em todas as escolas municipais, tendo como foco despertar o aluno para leitura e a produ\u00e7\u00e3o textual, al\u00e9m de contribuir para fomentar a&nbsp;cultura da leitura na comunidade.&nbsp;<\/p>\n\n\n\n<p>Os professores participam&nbsp; de Oficina introdut\u00f3ria fundamentada no Letramento Liter\u00e1rio, bem como, Oficina de T\u00e9cnicas de Conta\u00e7\u00e3o de Hist\u00f3rias; e Oficina de Poesia Infantil. Tamb\u00e9m haver\u00e1 uma Oficina de Literatura de Cordel; al\u00e9m de Oficina de Bonecas Contadoras de Hist\u00f3rias e, por \u00faltimo, a&nbsp; Oficina de Abayom.<\/p>\n\n\n\n<p>Na sexta-feira (13) haver\u00e1&nbsp; programa\u00e7\u00e3o direcionada para os alunos,&nbsp; com&nbsp; a apresenta\u00e7\u00e3o do espet\u00e1culo de conta\u00e7\u00e3o de hist\u00f3rias, pelo canal da Prefeitura de Tocant\u00ednia no You Tube.<\/p>\n\n\n\n<p><strong>Sobre o Projeto<\/strong><\/p>\n\n\n\n<p>O projeto de incentivo \u00e0 leitura e de fortalecimento da identidade cultural tocantinense, Caravana de Lendas do Tocantins, iniciar\u00e1 mais uma edi\u00e7\u00e3o hist\u00f3rica, desta vez, no munic\u00edpio de Tocant\u00ednia com o patroc\u00ednio da Energisa atrav\u00e9s da Lei Rouanet.<\/p>\n\n\n\n<p>O projeto, que consiste na circula\u00e7\u00e3o da escritora Irma Galhardo e de suas obras, levando livros, conta\u00e7\u00e3o de hist\u00f3rias, oficinas variadas, plantio coletivo de \u00e1rvores e acesso cultural aos jovens estudantes de escolas p\u00fablicas do Tocantins, existe desde 2014 e j\u00e1 impactou positivamente mais de 10 mil crian\u00e7as de baixa renda no Estado.<\/p>\n\n\n\n<p><strong>Premia\u00e7\u00f5es<\/strong><\/p>\n\n\n\n<p>A Caravana de Lendas do Tocantins traz em seu hist\u00f3rico o Pr\u00eamio Brasil Criativo 2016, concedido pelo governo de S\u00e3o Paulo e MinC, o Pr\u00eamio de Culturas Populares Selma do Coco 2018, do extinto Minist\u00e9rio da Cultura &#8211; MinC, al\u00e9m de classifica\u00e7\u00e3o em mais tr\u00eas editais de cultura: Edital Amaz\u00f4nia Cultural 2013- MinC; Edital de Patroc\u00ednio Cultural 2016, do Banco da Amaz\u00f4nia- BASA e edital PROMIC 2019, da Funda\u00e7\u00e3o Cultural de Palmas.<\/p>\n\n\n\n<p><strong>Fotos: Edvaldo Xerent<\/strong>e<\/p>\n\n\n\n<figure class=\"wp-block-image\"><img decoding=\"async\" src=\"http:\/\/n1to.com.br\/img\/uploads\/FOTO_PORINCIPAL_TOCANTI_NIA_1.jpg\" alt=\"\"\/><\/figure>\n\n\n\n<figure class=\"wp-block-image\"><img decoding=\"async\" src=\"http:\/\/n1to.com.br\/img\/uploads\/1_-_TOCANT%C3%8DNIA.jpg\" alt=\"\"\/><\/figure>\n\n\n\n<figure class=\"wp-block-image\"><img decoding=\"async\" src=\"http:\/\/n1to.com.br\/img\/uploads\/2_-_TOCANT%C3%8DNIA.jpg\" alt=\"\"\/><\/figure>\n\n\n\n<figure class=\"wp-block-image\"><img decoding=\"async\" src=\"http:\/\/n1to.com.br\/img\/uploads\/3_-_TOCANT%C3%8DNIA.jpg\" alt=\"\"\/><\/figure>\n\n\n\n<figure class=\"wp-block-image\"><img decoding=\"async\" src=\"http:\/\/n1to.com.br\/img\/uploads\/4_-_TOCANT%C3%8DNIA.jpg\" alt=\"\"\/><\/figure>\n","protected":false},"excerpt":{"rendered":"<p>Por Zacarias Martins&nbsp; Com o apoio da Prefeitura de Tocant\u00ednia, por meio da Secretaria Municipal de Educa\u00e7\u00e3o (Semed), a cidade&nbsp; est\u00e1 recebendo, nesta semana,&nbsp; o&nbsp;Projeto Caravana Tocantins Po\u00e9tico e Lend\u00e1rio, com a consagrada escritora Irma Galhardo, da Academia Palmense de Letras. O secret\u00e1rio de Educa\u00e7\u00e3o do munic\u00edpio,&nbsp; Andr\u00e9 Goveia, explica que o p\u00fablico alvo dessa &hellip;<\/p>\n","protected":false},"author":5,"featured_media":1627,"comment_status":"open","ping_status":"open","sticky":false,"template":"","format":"standard","meta":{"footnotes":""},"categories":[1],"tags":[],"class_list":["post-1622","post","type-post","status-publish","format-standard","has-post-thumbnail","","category-sem-categoria"],"_links":{"self":[{"href":"https:\/\/focotocantinense.com.br\/index.php?rest_route=\/wp\/v2\/posts\/1622","targetHints":{"allow":["GET"]}}],"collection":[{"href":"https:\/\/focotocantinense.com.br\/index.php?rest_route=\/wp\/v2\/posts"}],"about":[{"href":"https:\/\/focotocantinense.com.br\/index.php?rest_route=\/wp\/v2\/types\/post"}],"author":[{"embeddable":true,"href":"https:\/\/focotocantinense.com.br\/index.php?rest_route=\/wp\/v2\/users\/5"}],"replies":[{"embeddable":true,"href":"https:\/\/focotocantinense.com.br\/index.php?rest_route=%2Fwp%2Fv2%2Fcomments&post=1622"}],"version-history":[{"count":2,"href":"https:\/\/focotocantinense.com.br\/index.php?rest_route=\/wp\/v2\/posts\/1622\/revisions"}],"predecessor-version":[{"id":1626,"href":"https:\/\/focotocantinense.com.br\/index.php?rest_route=\/wp\/v2\/posts\/1622\/revisions\/1626"}],"wp:featuredmedia":[{"embeddable":true,"href":"https:\/\/focotocantinense.com.br\/index.php?rest_route=\/wp\/v2\/media\/1627"}],"wp:attachment":[{"href":"https:\/\/focotocantinense.com.br\/index.php?rest_route=%2Fwp%2Fv2%2Fmedia&parent=1622"}],"wp:term":[{"taxonomy":"category","embeddable":true,"href":"https:\/\/focotocantinense.com.br\/index.php?rest_route=%2Fwp%2Fv2%2Fcategories&post=1622"},{"taxonomy":"post_tag","embeddable":true,"href":"https:\/\/focotocantinense.com.br\/index.php?rest_route=%2Fwp%2Fv2%2Ftags&post=1622"}],"curies":[{"name":"wp","href":"https:\/\/api.w.org\/{rel}","templated":true}]}}