{"id":1616,"date":"2021-08-10T20:20:38","date_gmt":"2021-08-10T23:20:38","guid":{"rendered":"https:\/\/focotocantinense.com.br\/?p=1616"},"modified":"2021-08-11T07:49:50","modified_gmt":"2021-08-11T10:49:50","slug":"tocantinia-realiza-a-9o-conferencia-municipal-de-assistencia-social","status":"publish","type":"post","link":"https:\/\/focotocantinense.com.br\/?p=1616","title":{"rendered":"Tocant\u00ednia realiza a 9\u00ba Confer\u00eancia Municipal de Assist\u00eancia Social"},"content":{"rendered":"\n<p>A prefeitura de Tocant\u00ednia por meio da Secretaria Municipal de Assist\u00eancia Social, e do Conselho Municipal de Assist\u00eancia Social (CMAS), realiza a 9\u00aa Confer\u00eancia Municipal de Assist\u00eancia Social com o tema: \u201cAssist\u00eancia Social: Direito do Povo e Dever do Estado, com financiamento p\u00fablico para enfrentar as desigualdades e garantir prote\u00e7\u00e3o social\u201d, ser\u00e3o discutido cinco eixos norteadores do tema. O evento come\u00e7ou nesta ter\u00e7a-feira (10), e o encerramento acontece na quarta-feira (11), ap\u00f3s o encaminhamento das propostas constru\u00eddas pelos grupos de trabalho.&nbsp;<\/p>\n\n\n\n<p>A Confer\u00eancia est\u00e1 sendo realizada no formato h\u00edbrido. De forma presencial e com transmiss\u00e3o em tempo real para o p\u00fablico acompanhar via internet atrav\u00e9s das plataformas digitais da prefeitura e da Secretaria de Assist\u00eancia Social.&nbsp;<\/p>\n\n\n\n<p>A secret\u00e1ria de Assist\u00eancia Social Ana Paula Ribeiro ressaltou os desafios enfrentados para atender os usu\u00e1rios com seguran\u00e7a no per\u00edodo da pandemia.  De acordo com Ana Paula todos os servidores j\u00e1 tomaram a primeira dose da vacina contra a Covid-19, e j\u00e1 est\u00e1 planejando o atendimento presencial.<\/p>\n\n\n\n<figure class=\"wp-block-image\"><img decoding=\"async\" src=\"http:\/\/n1to.com.br\/img\/uploads\/%C3%A7%C3%A7%C3%A7%C3%A7.jpg\" alt=\"\"\/><\/figure>\n","protected":false},"excerpt":{"rendered":"<p>A prefeitura de Tocant\u00ednia por meio da Secretaria Municipal de Assist\u00eancia Social, e do Conselho Municipal de Assist\u00eancia Social (CMAS), realiza a 9\u00aa Confer\u00eancia Municipal de Assist\u00eancia Social com o tema: \u201cAssist\u00eancia Social: Direito do Povo e Dever do Estado, com financiamento p\u00fablico para enfrentar as desigualdades e garantir prote\u00e7\u00e3o social\u201d, ser\u00e3o discutido cinco eixos &hellip;<\/p>\n","protected":false},"author":5,"featured_media":1618,"comment_status":"open","ping_status":"open","sticky":false,"template":"","format":"standard","meta":{"footnotes":""},"categories":[1],"tags":[],"class_list":["post-1616","post","type-post","status-publish","format-standard","has-post-thumbnail","","category-sem-categoria"],"_links":{"self":[{"href":"https:\/\/focotocantinense.com.br\/index.php?rest_route=\/wp\/v2\/posts\/1616","targetHints":{"allow":["GET"]}}],"collection":[{"href":"https:\/\/focotocantinense.com.br\/index.php?rest_route=\/wp\/v2\/posts"}],"about":[{"href":"https:\/\/focotocantinense.com.br\/index.php?rest_route=\/wp\/v2\/types\/post"}],"author":[{"embeddable":true,"href":"https:\/\/focotocantinense.com.br\/index.php?rest_route=\/wp\/v2\/users\/5"}],"replies":[{"embeddable":true,"href":"https:\/\/focotocantinense.com.br\/index.php?rest_route=%2Fwp%2Fv2%2Fcomments&post=1616"}],"version-history":[{"count":3,"href":"https:\/\/focotocantinense.com.br\/index.php?rest_route=\/wp\/v2\/posts\/1616\/revisions"}],"predecessor-version":[{"id":1621,"href":"https:\/\/focotocantinense.com.br\/index.php?rest_route=\/wp\/v2\/posts\/1616\/revisions\/1621"}],"wp:featuredmedia":[{"embeddable":true,"href":"https:\/\/focotocantinense.com.br\/index.php?rest_route=\/wp\/v2\/media\/1618"}],"wp:attachment":[{"href":"https:\/\/focotocantinense.com.br\/index.php?rest_route=%2Fwp%2Fv2%2Fmedia&parent=1616"}],"wp:term":[{"taxonomy":"category","embeddable":true,"href":"https:\/\/focotocantinense.com.br\/index.php?rest_route=%2Fwp%2Fv2%2Fcategories&post=1616"},{"taxonomy":"post_tag","embeddable":true,"href":"https:\/\/focotocantinense.com.br\/index.php?rest_route=%2Fwp%2Fv2%2Ftags&post=1616"}],"curies":[{"name":"wp","href":"https:\/\/api.w.org\/{rel}","templated":true}]}}