{"id":1590,"date":"2021-07-28T19:17:47","date_gmt":"2021-07-28T22:17:47","guid":{"rendered":"https:\/\/focotocantinense.com.br\/?p=1590"},"modified":"2021-07-28T19:18:54","modified_gmt":"2021-07-28T22:18:54","slug":"prefeitura-de-tocantinia-discute-a-regularizacao-fundiaria-no-municipio","status":"publish","type":"post","link":"https:\/\/focotocantinense.com.br\/?p=1590","title":{"rendered":"Prefeitura de Tocant\u00ednia discute a regulariza\u00e7\u00e3o fundi\u00e1ria no munic\u00edpio"},"content":{"rendered":"\n<p>Nesta quarta-feira (28), o &nbsp;prefeito de Tocant\u00ednia, Manoel Silvino (SD), com a secret\u00e1ria de Assist\u00eancia Social Ana Paula&nbsp;Ribeiro e a oficial do Cart\u00f3rio de Registro de Im\u00f3veis Sandra Cristina Moreira Costa, receberam na &nbsp;sede da prefeitura &nbsp;o Juiz de Direito do Tribunal de Justi\u00e7a do Tocantins Ocelio Nobre da Silva e sua equipe para discutir a regulariza\u00e7\u00e3o fundi\u00e1ria no munic\u00edpio.<\/p>\n\n\n\n<p>O Juiz Ocelio Nobre, &nbsp;depois de ser informado&nbsp; sobre atual situa\u00e7\u00e3o dos im\u00f3veis no munic\u00edpio, &nbsp;ressaltou que o pr\u00f3ximo passo \u00e9 fazer identifica\u00e7\u00e3o das propriedades junto aos \u00f3rg\u00e3os competentes, como &nbsp;o INCRA (Instituto Nacional e&nbsp; Coloniza\u00e7\u00e3o e Reforma Agr\u00e1ria), Superintend\u00eancia de Patrim\u00f4nio da Uni\u00e3o no Tocantins (SPU\/TO), e o Instituto de Terras do Tocantins (Itertins), para depois dar seguimento &nbsp;aos procedimentos legais. O magistrado tamb\u00e9m se disp\u00f4s a solicitar a transfer\u00eancia de todas as matr\u00edculas de im\u00f3veis que se encontram no Cart\u00f3rio de Miracema do Tocantins para Tocant\u00ednia.<\/p>\n\n\n\n<p>J\u00e1 o &nbsp;prefeito Manoel Silvino reiterou a necessidade das terras serem legalizadas para &nbsp;que os propriet\u00e1rios rurais possam trabalhar com maior tranquilidade e seguran\u00e7a na sua propriedade. Ele lembrou que sem os t\u00edtulos definitivos de suas terras, os propriet\u00e1rios ficam impedidos de receber incentivos para implanta\u00e7\u00e3o de novas culturas e at\u00e9 mesmo, fazer os investimentos.&nbsp; &nbsp; &nbsp;&nbsp;<\/p>\n\n\n\n<figure class=\"wp-block-image\"><img decoding=\"async\" src=\"http:\/\/n1to.com.br\/img\/uploads\/TOCANTINIA.jpg\" alt=\"\"\/><\/figure>\n","protected":false},"excerpt":{"rendered":"<p>Nesta quarta-feira (28), o &nbsp;prefeito de Tocant\u00ednia, Manoel Silvino (SD), com a secret\u00e1ria de Assist\u00eancia Social Ana Paula&nbsp;Ribeiro e a oficial do Cart\u00f3rio de Registro de Im\u00f3veis Sandra Cristina Moreira Costa, receberam na &nbsp;sede da prefeitura &nbsp;o Juiz de Direito do Tribunal de Justi\u00e7a do Tocantins Ocelio Nobre da Silva e sua equipe para discutir &hellip;<\/p>\n","protected":false},"author":5,"featured_media":1592,"comment_status":"open","ping_status":"open","sticky":false,"template":"","format":"standard","meta":{"footnotes":""},"categories":[1],"tags":[],"class_list":["post-1590","post","type-post","status-publish","format-standard","has-post-thumbnail","","category-sem-categoria"],"_links":{"self":[{"href":"https:\/\/focotocantinense.com.br\/index.php?rest_route=\/wp\/v2\/posts\/1590","targetHints":{"allow":["GET"]}}],"collection":[{"href":"https:\/\/focotocantinense.com.br\/index.php?rest_route=\/wp\/v2\/posts"}],"about":[{"href":"https:\/\/focotocantinense.com.br\/index.php?rest_route=\/wp\/v2\/types\/post"}],"author":[{"embeddable":true,"href":"https:\/\/focotocantinense.com.br\/index.php?rest_route=\/wp\/v2\/users\/5"}],"replies":[{"embeddable":true,"href":"https:\/\/focotocantinense.com.br\/index.php?rest_route=%2Fwp%2Fv2%2Fcomments&post=1590"}],"version-history":[{"count":2,"href":"https:\/\/focotocantinense.com.br\/index.php?rest_route=\/wp\/v2\/posts\/1590\/revisions"}],"predecessor-version":[{"id":1593,"href":"https:\/\/focotocantinense.com.br\/index.php?rest_route=\/wp\/v2\/posts\/1590\/revisions\/1593"}],"wp:featuredmedia":[{"embeddable":true,"href":"https:\/\/focotocantinense.com.br\/index.php?rest_route=\/wp\/v2\/media\/1592"}],"wp:attachment":[{"href":"https:\/\/focotocantinense.com.br\/index.php?rest_route=%2Fwp%2Fv2%2Fmedia&parent=1590"}],"wp:term":[{"taxonomy":"category","embeddable":true,"href":"https:\/\/focotocantinense.com.br\/index.php?rest_route=%2Fwp%2Fv2%2Fcategories&post=1590"},{"taxonomy":"post_tag","embeddable":true,"href":"https:\/\/focotocantinense.com.br\/index.php?rest_route=%2Fwp%2Fv2%2Ftags&post=1590"}],"curies":[{"name":"wp","href":"https:\/\/api.w.org\/{rel}","templated":true}]}}