{"id":1583,"date":"2021-07-25T19:24:21","date_gmt":"2021-07-25T22:24:21","guid":{"rendered":"https:\/\/focotocantinense.com.br\/?p=1583"},"modified":"2021-07-26T18:33:43","modified_gmt":"2021-07-26T21:33:43","slug":"gurupi-perde-o-poeta-jose-ribamar-alves-dos-santos","status":"publish","type":"post","link":"https:\/\/focotocantinense.com.br\/?p=1583","title":{"rendered":"Gurupi perde o poeta Jos\u00e9 Ribamar Alves dos Santos"},"content":{"rendered":"\n<p><strong>Por Zacarias Martins<\/strong><\/p>\n\n\n\n<p>Faleceu neste domingo (25)&nbsp; pela manh\u00e3, &nbsp;aos 63 anos, em decorr\u00eancia de uma pneumonia, o poeta e cordelista Jos\u00e9 Ribamar Alves &nbsp;dos Santos, um dos fundadores da Academia Gurupiense de Letras (AGL), onde ocupava a cadeira de n\u00ba 1.<\/p>\n\n\n\n<p>Ribamar era servidor do munic\u00edpio h\u00e1 22 anos, e estava atuando no pr\u00e9dio da Secretaria Municipal de Sa\u00fade.<\/p>\n\n\n\n<p><strong>Perfil<\/strong><\/p>\n\n\n\n<p>Tocantinense de Duer\u00e9, Jos\u00e9 de Ribamar&nbsp; Alves dos Santos&nbsp;&nbsp;h\u00e1 muitos anos residia em Gurupi.<\/p>\n\n\n\n<p>Sua<strong>&nbsp;<\/strong>estreia oficial no mundo das letras aconteceu em meados de 1998, quando teve trabalhos publicados no \u201c<strong><em>Anu\u00e1rio de Poetas e Escritores de Gurupi<\/em><\/strong>\u201c, publica\u00e7\u00e3o coordenada pelo escritor e editor Eliosmar Veloso.Tamb\u00e9m participou&nbsp;&nbsp;do Anu\u00e1rio nas&nbsp;edi\u00e7\u00f5es de 1999, 2000 e 2004. Seu primeiro livro individual \u201c<strong><em>A Rosa de Ouro &amp; Outros Poemas\u201d<\/em><\/strong>, foi publicado em 2003.<\/p>\n\n\n\n<p>Nesse mesmo ano integrou as antologias \u201c<strong><em>Anu\u00e1rio de Escritores\u201d<\/em><\/strong><em>,<\/em>&nbsp;\u201c<strong><em>Talentos de um novo tempo\u201d<\/em><\/strong>&nbsp;e \u201c<strong><em>Di\u00e1rio do Escritor\u201d.<\/em>&nbsp;Participou<\/strong>, ainda, das antologias liter\u00e1rias \u201c<strong><em>Palavras de Amor<\/em><\/strong>\u201d e \u201c<strong><em>Pr\u00eamio Anchieta de Poesia<\/em><\/strong>\u201c, ambas em 2000. J\u00e1 em 2001, participou da antologia&nbsp;<strong><em>\u201cE por falar em amor\u2026\u201d.&nbsp;<\/em><\/strong>Em 2002, foi alvo de substanciosa mat\u00e9ria publicada na revista \u201c<strong><em>Almanaque Cultural do Tocantins<\/em><\/strong>&nbsp;\u201c, \u00f3rg\u00e3o de divulga\u00e7\u00e3o da Funda\u00e7\u00e3o Cultural do Tocantins.<\/p>\n\n\n\n<p>Em 2004, teve trabalhos publicados na antologia \u201c<strong><em>Al\u00e9m das Palavras<\/em><\/strong>\u201d e publicou o seu segundo livro individual de poemas, intitulado \u201c<strong><em>Alma de Penas<\/em><\/strong>&nbsp;\u201c. Em 2006&nbsp;marcou presen\u00e7a na antologia \u201c<strong><em>Amar \u00e9 t\u00e3o bom<\/em><\/strong>\u201d e conquistou men\u00e7\u00e3o honrosa no&nbsp;<strong><em>IX Pr\u00eamio Miss\u00f5es<\/em><\/strong>, do Rio Grande do Sul, tendo participado de uma antologia reunindo os trabalhos que mais se destacaram nesse pr\u00eamio.<\/p>\n\n\n\n<p>Em 2007,&nbsp;Com o poema \u201c<strong><em>Soneto da ilus\u00e3o<\/em><\/strong>\u201c,&nbsp;&nbsp;&nbsp;participou da&nbsp;<strong><em>Antologia de Poetas Brasileiros Contempor\u00e2neos \u2013 Volume 31<\/em><\/strong>, lan\u00e7ada pela C\u00e2mara Brasileira de Jovens Escritores (CBJE), do Rio de Janeiro. Dentre seus cord\u00e9is publicados est\u00e3o \u201c<strong><em>O Valente Mercador<\/em><\/strong>\u201c,&nbsp;<strong><em>\u201cSerj\u00e3o Cachoeira \u2013 O Her\u00f3i de Santo Reis<\/em><\/strong>\u201d e&nbsp;&nbsp;\u201c<strong><em>O Empregado e o Sal\u00e1rio\u201d.&nbsp;<\/em><\/strong>Em 2016,&nbsp; lan\u00e7ou o cordel \u201c<strong><em>Salvo pelo Destino ou Z\u00e9 Trindade e Dinalva\u201d.<\/em><\/strong><\/p>\n\n\n\n<p>Durante anos ele manteve uma banca na Feira Coberta Central de Gurupi, onde comercializava literatura de cordel.<\/p>\n\n\n\n<figure class=\"wp-block-image\"><img decoding=\"async\" src=\"https:\/\/www.jornalcocktail.com.br\/images\/noticias\/2314\/7296b2c6797a0d894d27d768e60a0813.jpg\" alt=\"\"\/><\/figure>\n\n\n\n<figure class=\"wp-block-image\"><img decoding=\"async\" src=\"http:\/\/n1to.com.br\/img\/uploads\/rrrrrr_1.jpg\" alt=\"\"\/><\/figure>\n\n\n\n<figure class=\"wp-block-image\"><img decoding=\"async\" src=\"http:\/\/n1to.com.br\/img\/uploads\/%C3%A7%C3%A7%C3%A7%C3%A7%C3%A7%C3%A7%C3%A7%C3%A7%C3%A7%C3%A7%C3%A7%C3%A7%C3%A7%C3%A7%C3%A7%C3%A7%C3%A7%C3%A7.jpg\" alt=\"\"\/><\/figure>\n\n\n\n<figure class=\"wp-block-image\"><img decoding=\"async\" src=\"http:\/\/gurupi.to.gov.br\/intranet3\/source\/mods\/cads\/nots\/photos\/internas\/20210726083149_mceu_16208946911627299108355.jpg\" alt=\"\"\/><\/figure>\n","protected":false},"excerpt":{"rendered":"<p>Por Zacarias Martins Faleceu neste domingo (25)&nbsp; pela manh\u00e3, &nbsp;aos 63 anos, em decorr\u00eancia de uma pneumonia, o poeta e cordelista Jos\u00e9 Ribamar Alves &nbsp;dos Santos, um dos fundadores da Academia Gurupiense de Letras (AGL), onde ocupava a cadeira de n\u00ba 1. Ribamar era servidor do munic\u00edpio h\u00e1 22 anos, e estava atuando no pr\u00e9dio &hellip;<\/p>\n","protected":false},"author":5,"featured_media":1585,"comment_status":"open","ping_status":"open","sticky":false,"template":"","format":"standard","meta":{"footnotes":""},"categories":[1],"tags":[],"class_list":["post-1583","post","type-post","status-publish","format-standard","has-post-thumbnail","","category-sem-categoria"],"_links":{"self":[{"href":"https:\/\/focotocantinense.com.br\/index.php?rest_route=\/wp\/v2\/posts\/1583","targetHints":{"allow":["GET"]}}],"collection":[{"href":"https:\/\/focotocantinense.com.br\/index.php?rest_route=\/wp\/v2\/posts"}],"about":[{"href":"https:\/\/focotocantinense.com.br\/index.php?rest_route=\/wp\/v2\/types\/post"}],"author":[{"embeddable":true,"href":"https:\/\/focotocantinense.com.br\/index.php?rest_route=\/wp\/v2\/users\/5"}],"replies":[{"embeddable":true,"href":"https:\/\/focotocantinense.com.br\/index.php?rest_route=%2Fwp%2Fv2%2Fcomments&post=1583"}],"version-history":[{"count":4,"href":"https:\/\/focotocantinense.com.br\/index.php?rest_route=\/wp\/v2\/posts\/1583\/revisions"}],"predecessor-version":[{"id":1589,"href":"https:\/\/focotocantinense.com.br\/index.php?rest_route=\/wp\/v2\/posts\/1583\/revisions\/1589"}],"wp:featuredmedia":[{"embeddable":true,"href":"https:\/\/focotocantinense.com.br\/index.php?rest_route=\/wp\/v2\/media\/1585"}],"wp:attachment":[{"href":"https:\/\/focotocantinense.com.br\/index.php?rest_route=%2Fwp%2Fv2%2Fmedia&parent=1583"}],"wp:term":[{"taxonomy":"category","embeddable":true,"href":"https:\/\/focotocantinense.com.br\/index.php?rest_route=%2Fwp%2Fv2%2Fcategories&post=1583"},{"taxonomy":"post_tag","embeddable":true,"href":"https:\/\/focotocantinense.com.br\/index.php?rest_route=%2Fwp%2Fv2%2Ftags&post=1583"}],"curies":[{"name":"wp","href":"https:\/\/api.w.org\/{rel}","templated":true}]}}