{"id":1568,"date":"2021-07-19T13:09:54","date_gmt":"2021-07-19T16:09:54","guid":{"rendered":"http:\/\/focotocantinense.com.br\/?p=1568"},"modified":"2021-07-19T13:11:00","modified_gmt":"2021-07-19T16:11:00","slug":"mutirao-ecologico-de-limpeza-no-rio-tocantins-acontece-em-tocantinopolis-neste-sabado","status":"publish","type":"post","link":"https:\/\/focotocantinense.com.br\/?p=1568","title":{"rendered":"Mutir\u00e3o ecol\u00f3gico de limpeza no rio Tocantins acontece em Tocantin\u00f3polis neste s\u00e1bado"},"content":{"rendered":"\n<p>A C\u00e2mara Municipal de Tocantin\u00f3polis, com o apoio da Col\u00f4nia de Pescadores e da Prefeitura Municipal, realiza, neste s\u00e1bado, 24 de julho, um mutir\u00e3o de limpeza nas margens do rio Tocantins e na Praia da Santa e &nbsp;na Praia do Meio. O objetivo&nbsp; \u00e9&nbsp; recolher o lixo deixado nessas localidades &nbsp;e difundir valores de Educa\u00e7\u00e3o Ambiental e preserva\u00e7\u00e3o ambiental.<\/p>\n\n\n\n<p>Esse mutir\u00e3o foi uma proposta do vereador Delegado Tiago Daniel e que foi abra\u00e7ada pelo presidente da Casa, vereador Jos\u00e9 Raimundo e pelo vereador Lamark Pimentel.<\/p>\n\n\n\n<p>O vereador Delegado Tiago Daniel&nbsp; conclama \u00e0 popula\u00e7\u00e3o de Tocantin\u00f3polis&nbsp; para ajudar nesta importante miss\u00e3o. &nbsp;\u201cTragam suas crian\u00e7as e adolescentes para este momento c\u00edvico e ambiental para que essas crian\u00e7as cres\u00e7am com a consci\u00eancia de que precisamos preservar nosso rio e nossas praias e assim se tornem amanh\u00e3 multiplicadores da consci\u00eancia ambiental que este tipo de pr\u00e1tica proporciona.\u201d, destaca Tiago Daniel.<\/p>\n\n\n\n<p>Os colaboradores desse mutir\u00e3o estar\u00e3o reunidos &nbsp;neste s\u00e1bado, a partir das 7 horas da manh\u00e3, no&nbsp; Porto dos Pescadores.<\/p>\n\n\n\n<figure class=\"wp-block-image\"><img decoding=\"async\" src=\"https:\/\/www.n1to.com.br\/img\/cache\/800x400\/80\/crop\/Imagem-f55ca5553d638b6522f2e89c33ff9834.jpg\" alt=\"\"\/><\/figure>\n","protected":false},"excerpt":{"rendered":"<p>A C\u00e2mara Municipal de Tocantin\u00f3polis, com o apoio da Col\u00f4nia de Pescadores e da Prefeitura Municipal, realiza, neste s\u00e1bado, 24 de julho, um mutir\u00e3o de limpeza nas margens do rio Tocantins e na Praia da Santa e &nbsp;na Praia do Meio. O objetivo&nbsp; \u00e9&nbsp; recolher o lixo deixado nessas localidades &nbsp;e difundir valores de Educa\u00e7\u00e3o &hellip;<\/p>\n","protected":false},"author":5,"featured_media":1570,"comment_status":"open","ping_status":"open","sticky":false,"template":"","format":"standard","meta":{"footnotes":""},"categories":[1],"tags":[],"class_list":["post-1568","post","type-post","status-publish","format-standard","has-post-thumbnail","","category-sem-categoria"],"_links":{"self":[{"href":"https:\/\/focotocantinense.com.br\/index.php?rest_route=\/wp\/v2\/posts\/1568","targetHints":{"allow":["GET"]}}],"collection":[{"href":"https:\/\/focotocantinense.com.br\/index.php?rest_route=\/wp\/v2\/posts"}],"about":[{"href":"https:\/\/focotocantinense.com.br\/index.php?rest_route=\/wp\/v2\/types\/post"}],"author":[{"embeddable":true,"href":"https:\/\/focotocantinense.com.br\/index.php?rest_route=\/wp\/v2\/users\/5"}],"replies":[{"embeddable":true,"href":"https:\/\/focotocantinense.com.br\/index.php?rest_route=%2Fwp%2Fv2%2Fcomments&post=1568"}],"version-history":[{"count":2,"href":"https:\/\/focotocantinense.com.br\/index.php?rest_route=\/wp\/v2\/posts\/1568\/revisions"}],"predecessor-version":[{"id":1571,"href":"https:\/\/focotocantinense.com.br\/index.php?rest_route=\/wp\/v2\/posts\/1568\/revisions\/1571"}],"wp:featuredmedia":[{"embeddable":true,"href":"https:\/\/focotocantinense.com.br\/index.php?rest_route=\/wp\/v2\/media\/1570"}],"wp:attachment":[{"href":"https:\/\/focotocantinense.com.br\/index.php?rest_route=%2Fwp%2Fv2%2Fmedia&parent=1568"}],"wp:term":[{"taxonomy":"category","embeddable":true,"href":"https:\/\/focotocantinense.com.br\/index.php?rest_route=%2Fwp%2Fv2%2Fcategories&post=1568"},{"taxonomy":"post_tag","embeddable":true,"href":"https:\/\/focotocantinense.com.br\/index.php?rest_route=%2Fwp%2Fv2%2Ftags&post=1568"}],"curies":[{"name":"wp","href":"https:\/\/api.w.org\/{rel}","templated":true}]}}