{"id":1560,"date":"2021-07-12T16:13:46","date_gmt":"2021-07-12T19:13:46","guid":{"rendered":"http:\/\/focotocantinense.com.br\/?p=1560"},"modified":"2021-07-12T16:14:25","modified_gmt":"2021-07-12T19:14:25","slug":"secretaria-do-idoso-de-gurupi-e-parceira-no-projeto-um-a-um-da-agab","status":"publish","type":"post","link":"https:\/\/focotocantinense.com.br\/?p=1560","title":{"rendered":"Secretaria do Idoso de Gurupi \u00e9 parceira no Projeto \u201cUm a Um\u201d da Agab"},"content":{"rendered":"\n<p>A Prefeitura de Gurupi, por meio da secretaria municipal do Idoso, \u00e9 parceira do Projeto Um a Um, da Associa\u00e7\u00e3o Gurupiense dos Amigos do Basquetebol (Agab), que pretende fazer a doa\u00e7\u00e3o de 60 cadeiras de rodas a idosos que t\u00eam alguma dificuldade de locomo\u00e7\u00e3o.<\/p>\n\n\n\n<p>O Diretor da Agab, Glauco Flores, explica que a ideia desse projeto nasceu da necessidade de pessoas carentes terem uma cadeira de rodas, principalmente idosos, diante disso a equipe da Agab pensou em ajudar tamb\u00e9m este p\u00fablico. Ele explica que a doa\u00e7\u00e3o vai para o Fundo Municipal do idoso e \u00e9 deduzido no imposto de renda de quem fez a doa\u00e7\u00e3o da cadeira.<\/p>\n\n\n\n<p>Nesta segunda-feira, 12, foi entregue a primeira cadeira de rodas. Conforme Glauco, para 2021, a expectativa \u00e9 de que 60 pessoas sejam beneficiadas pelo projeto. Ser\u00e3o distribu\u00eddas 14 cadeiras para a Casa do Idoso, 05 para Associa\u00e7\u00e3o de Pais e Amigos dos Excepcionais (Apae), 25 para a Associa\u00e7\u00e3o dos Portadores de Defici\u00eancia F\u00edsica Do Estado Do Tocantins (Apodefitins), 16 para a comunidade. Nesta doa\u00e7\u00e3o para a comunidade, os Centros de Refer\u00eancia da Assist\u00eancia (Cras) far\u00e3o a sele\u00e7\u00e3o dos benefici\u00e1rios.<\/p>\n\n\n\n<p>A Secretaria do Idoso, por meio do Conselho do Idoso, acompanha a utiliza\u00e7\u00e3o do recurso, al\u00e9m de colaborar na aquisi\u00e7\u00e3o, sele\u00e7\u00e3o dos benefici\u00e1rios e entrega das cadeiras de roda.<\/p>\n\n\n\n<p>\u201c\u00c9 muito importante a parceria do munic\u00edpio junto com as institui\u00e7\u00f5es da nossa cidade para o fortalecimento das pol\u00edticas p\u00fablicas voltadas para o idoso, com isso conseguimos atender de forma mais r\u00e1pida e eficaz aqueles menos favorecidos\u201d, pontua Vin\u00edcius Martins, Diretor da Secretaria do Idoso.&nbsp;<\/p>\n\n\n\n<figure class=\"wp-block-image\"><img decoding=\"async\" src=\"https:\/\/www.n1to.com.br\/img\/cache\/800x400\/80\/crop\/Imagem-1547c66e10566fe659b0c0a8dcaaab44.jpg\" alt=\"\"\/><\/figure>\n","protected":false},"excerpt":{"rendered":"<p>A Prefeitura de Gurupi, por meio da secretaria municipal do Idoso, \u00e9 parceira do Projeto Um a Um, da Associa\u00e7\u00e3o Gurupiense dos Amigos do Basquetebol (Agab), que pretende fazer a doa\u00e7\u00e3o de 60 cadeiras de rodas a idosos que t\u00eam alguma dificuldade de locomo\u00e7\u00e3o. O Diretor da Agab, Glauco Flores, explica que a ideia desse &hellip;<\/p>\n","protected":false},"author":5,"featured_media":1562,"comment_status":"open","ping_status":"open","sticky":false,"template":"","format":"standard","meta":{"footnotes":""},"categories":[1],"tags":[],"class_list":["post-1560","post","type-post","status-publish","format-standard","has-post-thumbnail","","category-sem-categoria"],"_links":{"self":[{"href":"https:\/\/focotocantinense.com.br\/index.php?rest_route=\/wp\/v2\/posts\/1560","targetHints":{"allow":["GET"]}}],"collection":[{"href":"https:\/\/focotocantinense.com.br\/index.php?rest_route=\/wp\/v2\/posts"}],"about":[{"href":"https:\/\/focotocantinense.com.br\/index.php?rest_route=\/wp\/v2\/types\/post"}],"author":[{"embeddable":true,"href":"https:\/\/focotocantinense.com.br\/index.php?rest_route=\/wp\/v2\/users\/5"}],"replies":[{"embeddable":true,"href":"https:\/\/focotocantinense.com.br\/index.php?rest_route=%2Fwp%2Fv2%2Fcomments&post=1560"}],"version-history":[{"count":2,"href":"https:\/\/focotocantinense.com.br\/index.php?rest_route=\/wp\/v2\/posts\/1560\/revisions"}],"predecessor-version":[{"id":1563,"href":"https:\/\/focotocantinense.com.br\/index.php?rest_route=\/wp\/v2\/posts\/1560\/revisions\/1563"}],"wp:featuredmedia":[{"embeddable":true,"href":"https:\/\/focotocantinense.com.br\/index.php?rest_route=\/wp\/v2\/media\/1562"}],"wp:attachment":[{"href":"https:\/\/focotocantinense.com.br\/index.php?rest_route=%2Fwp%2Fv2%2Fmedia&parent=1560"}],"wp:term":[{"taxonomy":"category","embeddable":true,"href":"https:\/\/focotocantinense.com.br\/index.php?rest_route=%2Fwp%2Fv2%2Fcategories&post=1560"},{"taxonomy":"post_tag","embeddable":true,"href":"https:\/\/focotocantinense.com.br\/index.php?rest_route=%2Fwp%2Fv2%2Ftags&post=1560"}],"curies":[{"name":"wp","href":"https:\/\/api.w.org\/{rel}","templated":true}]}}