{"id":1546,"date":"2021-07-10T14:53:49","date_gmt":"2021-07-10T17:53:49","guid":{"rendered":"http:\/\/focotocantinense.com.br\/?p=1546"},"modified":"2021-07-10T18:33:47","modified_gmt":"2021-07-10T21:33:47","slug":"tocantinia-capacita-equipe-de-brigadistas-municipais-e-de-combate-a-incendios-florestais","status":"publish","type":"post","link":"https:\/\/focotocantinense.com.br\/?p=1546","title":{"rendered":"Tocant\u00ednia capacita equipe de brigadistas municipais e de combate a inc\u00eandios florestais"},"content":{"rendered":"\n<p>A Prefeitura de Tocant\u00ednia, por meio da Secretaria Municipal de Meio Ambiente e Saneamento B\u00e1sico, e da Defesa Civil Municipal, em parceria com o Corpo de Bombeiros Militar do Estado do Tocantins, firmado atrav\u00e9s do Termo de Coopera\u00e7\u00e3o T\u00e9cnica com a Defesa Civil\/TO, realizou no per\u00edodo de 6 a 8 de julho, o Curso de Forma\u00e7\u00e3o de Brigadistas.\u00a0Um grupo de 7 brigadistas participou do Curso de Capacita\u00e7\u00e3o de Brigadas para atuarem no territ\u00f3rio do munic\u00edpio de acordo com as especificidades do bioma. <\/p>\n\n\n\n<p>A forma\u00e7\u00e3o foi realizada pelos instrutores, o 2\u00ba Sgt Alis Gomes Feitosa e o Capit\u00e3o Jarbas Borges da Silva Gomes, que ministraram aulas te\u00f3ricas e pr\u00e1ticas.\u00a0Os brigadistas que participaram do treinamento de preven\u00e7\u00e3o e combate a inc\u00eandios florestais passaram por duas etapas. A primeira etapa foram aulas te\u00f3ricas e a segunda aconteceu no campo. Na etapa inicial ministradas pelos instrutores foram as t\u00e9cnicas utilizadas durante os combates a inc\u00eandios e no\u00e7\u00f5es de primeiros socorros. A import\u00e2ncia do uso de equipamentos de prote\u00e7\u00e3o individual (EPIs), o uso correto de ferramentas agr\u00edcolas: enxada, foice, enxad\u00e3o, fac\u00e3o, moto serra e rastelo muito usado na abertura de linha de prote\u00e7\u00e3o para evitar o avan\u00e7o do fogo. <\/p>\n\n\n\n<p>Ainda durante as aulas te\u00f3ricas os brigadistas tiveram o primeiro contato com a bomba costal, abafador, pinga fogo e assoprador costal mecanizado.\u00a0Para finalizar a forma\u00e7\u00e3o, o Sgto Feitosa levou a equipe ao campo para aplicar o conhecimento te\u00f3rica na pr\u00e1tica com os brigadistas. O local escolhido foi \u00e0s margens da rodovia TO-010, na sa\u00edda da cidade, onde todos tiveram oportunidade de manusear os equipamentos de combate a inc\u00eandio durante as queimas controladas. <\/p>\n\n\n\n<p>Todas as atividades foram supervisionadas e acompanhadas pelo instrutor do curso, pelo secret\u00e1rio do Meio Ambiente e da Defesa Civil Municipal.\u00a0O secret\u00e1rio de Meio Ambiente Francisco Nardes ressaltou que a forma\u00e7\u00e3o da Brigada no munic\u00edpio \u00e9 muito importante e de grande relev\u00e2ncia porque a maior parte do seu territ\u00f3rio \u00e9 composta de terras ind\u00edgenas. <\/p>\n\n\n\n<p>Agora com os brigadistas municipal capacitado e treinado podem-se evitar grandes inc\u00eandios.\u00a0<\/p>\n\n\n\n<p>O Prefeito Manoel Silvino enfatizou que a forma\u00e7\u00e3o \u00e9 essencial para prote\u00e7\u00e3o do meio ambiente em situa\u00e7\u00f5es de inc\u00eandios florestais, pois as brigadas podem ser convocadas para controlar as chamas que acontece sempre na regi\u00e3o em per\u00edodos de estiagem prolongadas. E al\u00e9m de combate a inc\u00eandios, os Brigadistas podem realizar a\u00e7\u00f5es como atividades de educa\u00e7\u00e3o ambiental e queimadas controladas.\u00a0<\/p>\n\n\n\n<p><strong><em>(Fotos: Edvaldo Xerente)<\/em><\/strong><\/p>\n\n\n\n<figure class=\"wp-block-image\"><img decoding=\"async\" src=\"http:\/\/n1to.com.br\/img\/uploads\/BBBBB_3.jpg\" alt=\"\"\/><\/figure>\n\n\n\n<figure class=\"wp-block-image\"><img decoding=\"async\" src=\"http:\/\/n1to.com.br\/img\/uploads\/cccccc_1.jpg\" alt=\"\"\/><\/figure>\n\n\n\n<figure class=\"wp-block-image\"><img decoding=\"async\" src=\"http:\/\/n1to.com.br\/img\/uploads\/dddd.jpg\" alt=\"\"\/><\/figure>\n","protected":false},"excerpt":{"rendered":"<p>A Prefeitura de Tocant\u00ednia, por meio da Secretaria Municipal de Meio Ambiente e Saneamento B\u00e1sico, e da Defesa Civil Municipal, em parceria com o Corpo de Bombeiros Militar do Estado do Tocantins, firmado atrav\u00e9s do Termo de Coopera\u00e7\u00e3o T\u00e9cnica com a Defesa Civil\/TO, realizou no per\u00edodo de 6 a 8 de julho, o Curso de &hellip;<\/p>\n","protected":false},"author":5,"featured_media":1548,"comment_status":"open","ping_status":"open","sticky":true,"template":"","format":"standard","meta":{"footnotes":""},"categories":[1],"tags":[],"class_list":["post-1546","post","type-post","status-publish","format-standard","has-post-thumbnail","","category-sem-categoria"],"_links":{"self":[{"href":"https:\/\/focotocantinense.com.br\/index.php?rest_route=\/wp\/v2\/posts\/1546","targetHints":{"allow":["GET"]}}],"collection":[{"href":"https:\/\/focotocantinense.com.br\/index.php?rest_route=\/wp\/v2\/posts"}],"about":[{"href":"https:\/\/focotocantinense.com.br\/index.php?rest_route=\/wp\/v2\/types\/post"}],"author":[{"embeddable":true,"href":"https:\/\/focotocantinense.com.br\/index.php?rest_route=\/wp\/v2\/users\/5"}],"replies":[{"embeddable":true,"href":"https:\/\/focotocantinense.com.br\/index.php?rest_route=%2Fwp%2Fv2%2Fcomments&post=1546"}],"version-history":[{"count":4,"href":"https:\/\/focotocantinense.com.br\/index.php?rest_route=\/wp\/v2\/posts\/1546\/revisions"}],"predecessor-version":[{"id":1559,"href":"https:\/\/focotocantinense.com.br\/index.php?rest_route=\/wp\/v2\/posts\/1546\/revisions\/1559"}],"wp:featuredmedia":[{"embeddable":true,"href":"https:\/\/focotocantinense.com.br\/index.php?rest_route=\/wp\/v2\/media\/1548"}],"wp:attachment":[{"href":"https:\/\/focotocantinense.com.br\/index.php?rest_route=%2Fwp%2Fv2%2Fmedia&parent=1546"}],"wp:term":[{"taxonomy":"category","embeddable":true,"href":"https:\/\/focotocantinense.com.br\/index.php?rest_route=%2Fwp%2Fv2%2Fcategories&post=1546"},{"taxonomy":"post_tag","embeddable":true,"href":"https:\/\/focotocantinense.com.br\/index.php?rest_route=%2Fwp%2Fv2%2Ftags&post=1546"}],"curies":[{"name":"wp","href":"https:\/\/api.w.org\/{rel}","templated":true}]}}