{"id":1543,"date":"2021-07-09T10:50:21","date_gmt":"2021-07-09T13:50:21","guid":{"rendered":"http:\/\/focotocantinense.com.br\/?p=1543"},"modified":"2021-07-09T10:51:37","modified_gmt":"2021-07-09T13:51:37","slug":"pastor-joao-feitosa-perde-a-luta-contra-a-covid-19-apos-118-dias-internado-em-uti","status":"publish","type":"post","link":"https:\/\/focotocantinense.com.br\/?p=1543","title":{"rendered":"Pastor Jo\u00e3o Feitosa perde a luta contra a Covid-19, ap\u00f3s 118 dias internado em UTI"},"content":{"rendered":"\n<p><strong><em>Por Jonas Amaral<\/em><\/strong><\/p>\n\n\n\n<p><em>O presidente das Assembleias de Deus Minist\u00e9rio de Madureira em Gurupi e primeiro vice-presidente da CONEMAD-TO, Pastor Jo\u00e3o da Cruz Gomes Feitosa, 64 anos, morreu nesta madrugada, (09\/07) v\u00edtima de complica\u00e7\u00f5es da covid-19.<\/em><\/p>\n\n\n\n<p><em>Considerado um dos l\u00edderes evang\u00e9licos mais influente, respeitados e amado em todo o Estado do Tocantins, pastor Jo\u00e3o da Cruz Gomes Feitosa estava internado lutando contra a doen\u00e7a desde o dia 11 de mar\u00e7o.<\/em><\/p>\n\n\n\n<p>Diagnosticado com a doen\u00e7a no in\u00edcio da segunda semana do m\u00eas de mar\u00e7o, logo na sequencia foi internado na UNIMED na cidade de Gurupi onde vinha sendo acompanhado pelos m\u00e9dicos, mas devido a sua respira\u00e7\u00e3o ofegante, foi transferido para uma UTI no mesmo hospital no dia (14\/03). Devido ao seu quadro cl\u00ednico n\u00e3o obter melhoras, foi transferido em uma UTI a\u00e9rea para outra UTI em Bras\u00edlia no dia (22\/03) onde faleceu na madrugada desta sexta-feira, 09 de julho.<\/p>\n\n\n\n<p>Conhecido por sua hist\u00f3ria de f\u00e9, lideran\u00e7a e dedica\u00e7\u00e3o na obra de Deus nacionalmente, o pastor Jo\u00e3o da Cruz Gomes Feitosa deixa seu legado em uma hist\u00f3ria de vida marcada pela devo\u00e7\u00e3o, comprometimento e pela f\u00e9. Tinha apenas 9 (nove) anos de idade quando aceitou Jesus e de imediato entendeu o chamado de Deus para a sua vida, iniciando assim a sua trajet\u00f3ria de dedica\u00e7\u00e3o e devo\u00e7\u00e3o ao Reino de Deus.<\/p>\n\n\n\n<p>A morte dele foi anunciada por volta das 2h39 da manh\u00e3 desta sexta-feira pelos m\u00e9dicos \u00e0 fam\u00edlia. O corpo vai ser velado na Catedral das Assembleias de Deus na cidade de Gurupi provavelmente a partir das 18 horas, dependendo do hor\u00e1rio em que o corpo chegar na cidade.<\/p>\n\n\n\n<p><strong><em>Breve hist\u00f3rico do Pastor<\/em><\/strong><\/p>\n\n\n\n<p>Pastor Jo\u00e3o da Cruz Gomes Feitosa, nasceu em 19 de fevereiro de 1957 na cidade de Gurupi. Aceitou a Jesus no dia 03 de dezembro de 1966. Deixa a esposa, Pastora Maria Rosa de Sousa Gomes, quatro filhas e uma netinha.<\/p>\n\n\n\n<p>Ordenado Ministro do Evangelho em 21 de janeiro de 1984. Pastor Jo\u00e3o da Cruz Gomes Feitosa \u00e9 Bacharel em Teologia, Articulista, Advogado, presidiu a Igreja Assembleia de Deus Ministro de Madureira em Bel\u00e9m\/PA de 15 de janeiro de 1993 a janeiro de 1995, presidiu a Igreja Assembleia de Deus Campo de Barra do Gar\u00e7as\/MT de 22 de dezembro de 1994 a 31 de dezembro de 1999, em 02 de janeiro de 2000 assumiu como presidente as Igrejas Assembleias de Deus Minist\u00e9rio de Madureira do Campo de Gurupi \u2013 TO.<\/p>\n\n\n\n<p>Pastor Jo\u00e3o Feitosa tamb\u00e9m era o 1\u00ba vice-presidente da CONEMAD \u2013 TO, presidente da Junta Conciliadora do estado do Tocantins e membro da diretoria da editora Betel.<\/p>\n\n\n\n<p>O Campo de Gurupi \u00e9 considerado o ber\u00e7o das Assembleias de Deus Minist\u00e9rio de Madureira no Estado do Tocantins, sendo a igreja m\u00e3e de v\u00e1rios outros campos espalhados em todo o estado, inclusive na Capital Palmas, v\u00e1rias partes do Brasil e em alguns outros pa\u00edses. Sendo que o Campo de Gurupi atualmente conta com 54 (cinquenta e quatro) Congrega\u00e7\u00f5es e em torno de 10 mil membros, obreiros e congregados.<\/p>\n\n\n\n<p><\/p>\n\n\n\n<figure class=\"wp-block-image\"><img decoding=\"async\" src=\"http:\/\/iadgurupi.com.br\/wp-content\/uploads\/2021\/03\/Pr.-Joao-Feitosa-1.jpg\" alt=\"\"\/><\/figure>\n","protected":false},"excerpt":{"rendered":"<p>Por Jonas Amaral O presidente das Assembleias de Deus Minist\u00e9rio de Madureira em Gurupi e primeiro vice-presidente da CONEMAD-TO, Pastor Jo\u00e3o da Cruz Gomes Feitosa, 64 anos, morreu nesta madrugada, (09\/07) v\u00edtima de complica\u00e7\u00f5es da covid-19. Considerado um dos l\u00edderes evang\u00e9licos mais influente, respeitados e amado em todo o Estado do Tocantins, pastor Jo\u00e3o da &hellip;<\/p>\n","protected":false},"author":5,"featured_media":1545,"comment_status":"open","ping_status":"open","sticky":true,"template":"","format":"standard","meta":{"footnotes":""},"categories":[1],"tags":[],"class_list":["post-1543","post","type-post","status-publish","format-standard","has-post-thumbnail","","category-sem-categoria"],"_links":{"self":[{"href":"https:\/\/focotocantinense.com.br\/index.php?rest_route=\/wp\/v2\/posts\/1543","targetHints":{"allow":["GET"]}}],"collection":[{"href":"https:\/\/focotocantinense.com.br\/index.php?rest_route=\/wp\/v2\/posts"}],"about":[{"href":"https:\/\/focotocantinense.com.br\/index.php?rest_route=\/wp\/v2\/types\/post"}],"author":[{"embeddable":true,"href":"https:\/\/focotocantinense.com.br\/index.php?rest_route=\/wp\/v2\/users\/5"}],"replies":[{"embeddable":true,"href":"https:\/\/focotocantinense.com.br\/index.php?rest_route=%2Fwp%2Fv2%2Fcomments&post=1543"}],"version-history":[{"count":1,"href":"https:\/\/focotocantinense.com.br\/index.php?rest_route=\/wp\/v2\/posts\/1543\/revisions"}],"predecessor-version":[{"id":1544,"href":"https:\/\/focotocantinense.com.br\/index.php?rest_route=\/wp\/v2\/posts\/1543\/revisions\/1544"}],"wp:featuredmedia":[{"embeddable":true,"href":"https:\/\/focotocantinense.com.br\/index.php?rest_route=\/wp\/v2\/media\/1545"}],"wp:attachment":[{"href":"https:\/\/focotocantinense.com.br\/index.php?rest_route=%2Fwp%2Fv2%2Fmedia&parent=1543"}],"wp:term":[{"taxonomy":"category","embeddable":true,"href":"https:\/\/focotocantinense.com.br\/index.php?rest_route=%2Fwp%2Fv2%2Fcategories&post=1543"},{"taxonomy":"post_tag","embeddable":true,"href":"https:\/\/focotocantinense.com.br\/index.php?rest_route=%2Fwp%2Fv2%2Ftags&post=1543"}],"curies":[{"name":"wp","href":"https:\/\/api.w.org\/{rel}","templated":true}]}}