{"id":1539,"date":"2021-07-08T22:11:55","date_gmt":"2021-07-09T01:11:55","guid":{"rendered":"http:\/\/focotocantinense.com.br\/?p=1539"},"modified":"2021-07-08T22:12:47","modified_gmt":"2021-07-09T01:12:47","slug":"tocantinia-recebe-o-projeto-tocantins-poetico-e-lendario-neste-sabado-dia-10","status":"publish","type":"post","link":"https:\/\/focotocantinense.com.br\/?p=1539","title":{"rendered":"Tocant\u00ednia recebe o Projeto Tocantins Po\u00e9tico e Lend\u00e1rio neste s\u00e1bado, dia 10"},"content":{"rendered":"\n<p>A Prefeitura de Tocant\u00ednia, por meio da Secretaria Municipal de Educa\u00e7\u00e3o (Semed)&nbsp; e da Secretaria Municipal de&nbsp; Cultura, \u00e9 parceira do Projeto&nbsp;Tocantins Po\u00e9tico e Lend\u00e1rio<strong>,&nbsp;<\/strong>&nbsp;fruto do Pr\u00eamio Aldir Blanc Tocantins, que &nbsp;consiste na circula\u00e7\u00e3o da escritora Irma Galhardo, com suas obras e com uma biblioteca itinerante composta de livros de escritores tocantinenses, por 20 munic\u00edpios do Tocantins.<\/p>\n\n\n\n<p>O secret\u00e1rio de Educa\u00e7\u00e3o de Tocant\u00ednia, Andr\u00e9 Goveia,&nbsp; informa que o projeto acontece na cidade neste s\u00e1bado, dia 10,&nbsp; \u00e0s 20 horas, sendo que na ocasi\u00e3o, tamb\u00e9m ser\u00e1 realizada, ainda, a partir \u00e0s 16h<strong>,&nbsp;<\/strong>&nbsp;uma&nbsp;oficina de poesia ministrada pelo&nbsp;escritor e &nbsp;membro da Academia Palmense de Letras,&nbsp;Alexandre Ac\u00e2mpora,&nbsp; no canal da Prefeitura&nbsp;Municipal&nbsp;de Tocant\u00ednia:&nbsp;<a href=\"https:\/\/www.youtube.com\/channel\/UCZGyah1A74jzxu0tDdVNXZw\">https:\/\/www.youtube.com\/channel\/UCZGyah1A74jzxu0tDdVNXZw<\/a><\/p>\n\n\n\n<p>J\u00e1 o secretaria de Cultura,&nbsp; Pedro Nunes, explicou que o Projeto Tocantins Po\u00e9tico e Lend\u00e1rio, com Irma Galhardo \u00e9 composto de&nbsp; realiza\u00e7\u00e3o de recitais po\u00e9ticos, doa\u00e7\u00f5es de livros para bibliotecas e centros culturais, oficinas de poesia, sorteio de livros, fortalecimento da literatura regional, encontro de escritores, sendo &nbsp;fruto do Pr\u00eamio Aldir Blanc Tocantins, com apoio do Governo do Tocantins, por meio da&nbsp;Ag\u00eancia de Desenvolvimento do Turismo, Cultura e Economia Criativa (Adetuc)<\/p>\n\n\n\n<p>&nbsp;\u201cDiante do agravamento da pandemia o projeto ser\u00e1 apresentado virtualmente, dessa forma criamos uma p\u00e1gina no Instagram para substituir a biblioteca itinerante e j\u00e1 postamos mais de 200 capas de livros com suas devidas indica\u00e7\u00f5es, e poemas de autores diversos do Tocantins. Al\u00e9m disso realizaremos lives com os recitais, saraus, cerim\u00f4nias e oficinas do projeto\u201d, explica a autora do projeto, Irma Galhardo, ressaltando que as a\u00e7\u00f5es ocorrer\u00e3o em parceria com a secretaria de cultura de cada munic\u00edpio e\/ou com a Academia de Letras do lugar ou da circunvizinhan\u00e7a do projeto.<\/p>\n\n\n\n<figure class=\"wp-block-image\"><img decoding=\"async\" src=\"https:\/\/www.n1to.com.br\/img\/cache\/800x400\/80\/crop\/Imagem-6699283a9dce36eedc7fc0be28db4e69.jpg\" alt=\"\"\/><\/figure>\n","protected":false},"excerpt":{"rendered":"<p>A Prefeitura de Tocant\u00ednia, por meio da Secretaria Municipal de Educa\u00e7\u00e3o (Semed)&nbsp; e da Secretaria Municipal de&nbsp; Cultura, \u00e9 parceira do Projeto&nbsp;Tocantins Po\u00e9tico e Lend\u00e1rio,&nbsp;&nbsp;fruto do Pr\u00eamio Aldir Blanc Tocantins, que &nbsp;consiste na circula\u00e7\u00e3o da escritora Irma Galhardo, com suas obras e com uma biblioteca itinerante composta de livros de escritores tocantinenses, por 20 munic\u00edpios &hellip;<\/p>\n","protected":false},"author":5,"featured_media":1541,"comment_status":"open","ping_status":"open","sticky":false,"template":"","format":"standard","meta":{"footnotes":""},"categories":[1],"tags":[],"class_list":["post-1539","post","type-post","status-publish","format-standard","has-post-thumbnail","","category-sem-categoria"],"_links":{"self":[{"href":"https:\/\/focotocantinense.com.br\/index.php?rest_route=\/wp\/v2\/posts\/1539","targetHints":{"allow":["GET"]}}],"collection":[{"href":"https:\/\/focotocantinense.com.br\/index.php?rest_route=\/wp\/v2\/posts"}],"about":[{"href":"https:\/\/focotocantinense.com.br\/index.php?rest_route=\/wp\/v2\/types\/post"}],"author":[{"embeddable":true,"href":"https:\/\/focotocantinense.com.br\/index.php?rest_route=\/wp\/v2\/users\/5"}],"replies":[{"embeddable":true,"href":"https:\/\/focotocantinense.com.br\/index.php?rest_route=%2Fwp%2Fv2%2Fcomments&post=1539"}],"version-history":[{"count":2,"href":"https:\/\/focotocantinense.com.br\/index.php?rest_route=\/wp\/v2\/posts\/1539\/revisions"}],"predecessor-version":[{"id":1542,"href":"https:\/\/focotocantinense.com.br\/index.php?rest_route=\/wp\/v2\/posts\/1539\/revisions\/1542"}],"wp:featuredmedia":[{"embeddable":true,"href":"https:\/\/focotocantinense.com.br\/index.php?rest_route=\/wp\/v2\/media\/1541"}],"wp:attachment":[{"href":"https:\/\/focotocantinense.com.br\/index.php?rest_route=%2Fwp%2Fv2%2Fmedia&parent=1539"}],"wp:term":[{"taxonomy":"category","embeddable":true,"href":"https:\/\/focotocantinense.com.br\/index.php?rest_route=%2Fwp%2Fv2%2Fcategories&post=1539"},{"taxonomy":"post_tag","embeddable":true,"href":"https:\/\/focotocantinense.com.br\/index.php?rest_route=%2Fwp%2Fv2%2Ftags&post=1539"}],"curies":[{"name":"wp","href":"https:\/\/api.w.org\/{rel}","templated":true}]}}