{"id":1536,"date":"2021-07-08T22:09:08","date_gmt":"2021-07-09T01:09:08","guid":{"rendered":"http:\/\/focotocantinense.com.br\/?p=1536"},"modified":"2021-07-08T22:09:51","modified_gmt":"2021-07-09T01:09:51","slug":"forcas-de-seguranca-discutem-alinhamento-de-acoes-de-enfrentamento-a-pandemia-em-balnearios-de-miracema-do-tocantins","status":"publish","type":"post","link":"https:\/\/focotocantinense.com.br\/?p=1536","title":{"rendered":"For\u00e7as de Seguran\u00e7a discutem alinhamento de a\u00e7\u00f5es de enfrentamento \u00e0 pandemia em balne\u00e1rios de Miracema do Tocantins"},"content":{"rendered":"\n<p>Na manh\u00e3 desta quinta-feira, 8, via plataforma Google Meet, representantes do Minist\u00e9rio P\u00fablico, da Marinha do Brasil, da Pol\u00edcia Militar, da Pol\u00edcia Civil, do Corpo de Bombeiros Militar e da Prefeitura Municipal de Miracema do Tocantins estiveram reunidos para alinhamento de a\u00e7\u00f5es de enfrentamento \u00e0 pandemia de Covid-19 no munic\u00edpio. A reuni\u00e3o foi motivada, devido ao epis\u00f3dio de aglomera\u00e7\u00e3o de pessoas, ocorrido nos balne\u00e1rios durante o primeiro final de semana do m\u00eas de julho, em total discord\u00e2ncia aos decretos municipal e estadual de enfrentamento \u00e0 pandemia.<\/p>\n\n\n\n<p>Durante a reuni\u00e3o, os \u00f3rg\u00e3os explanaram sobre as a\u00e7\u00f5es planejadas para o m\u00eas de julho, bem como firmaram compromisso de aumentar a fiscaliza\u00e7\u00e3o para o cumprimento das medidas de seguran\u00e7a nas rodovias (combate \u00e0s drogas e controle dos indiv\u00edduos conduzindo ve\u00edculos sob o efeito de \u00e1lcool). Tamb\u00e9m foi definido como intensificar a fiscaliza\u00e7\u00e3o do cumprimento das normas sanit\u00e1rias e t\u00e9cnicas de funcionamento dos estabelecimentos comerciais, al\u00e9m da fiscaliza\u00e7\u00e3o n\u00e1utica de seguran\u00e7a e documenta\u00e7\u00e3o para condu\u00e7\u00e3o de ve\u00edculos aqu\u00e1ticos.<\/p>\n\n\n\n<p>Para o comandante da 6\u00aa Companhia Independente da Pol\u00edcia Militar (6\u00aa CIPM), major Brunno Alves Pereira, a reuni\u00e3o foi bastante produtiva e ser\u00e1 concretizada na a\u00e7\u00e3o conjunta e integrada dos \u00f3rg\u00e3os. \u201cA\u00e7\u00f5es de fiscaliza\u00e7\u00e3o \u00e0 pandemia s\u00e3o importantes, pois desafogam o servi\u00e7o de sa\u00fade com a redu\u00e7\u00e3o da contamina\u00e7\u00e3o e reduzem o gasto p\u00fablico, no tratamento de enfermidade que poderia ser evitada&#8221;, pontuou.<\/p>\n\n\n\n<p><strong>Participa\u00e7\u00e3o<\/strong><\/p>\n\n\n\n<p>Participaram da reuni\u00e3o, o Minist\u00e9rio P\u00fablico Estadual que foi representado pela promotora de justi\u00e7a Sterlane de Castro Ferreira, titular da 2\u00aa Promotoria de Justi\u00e7a de Miracema do Tocantins; o major QOPM Brunno Alves Pereira, comandante da 6\u00aa Companhia Independente de Pol\u00edcia Militar; o Corpo de Bombeiros Militar, representado pela tenente-coronel QOBM Andreya de F\u00e1tima Bueno &#8211; comandante do 1\u00ba Batalh\u00e3o de Bombeiros Militar; o delegado da Pol\u00edcia Civil, Heliomar dos Santos Silva &#8211; chefe da 67\u00aa Delegacia de Pol\u00edcia; e o agente de pol\u00edcia, S\u00e9rgio Nogueira Carneiro.<\/p>\n\n\n\n<p>A Marinha do Brasil foi representada pelo capit\u00e3o de corveta, Marcelo Barrios L\u00facio &#8211; ajudante da Capitania Fluvial do Araguaia-Tocantins; e pela prefeitura de Miracema, estiveram presentes o advogado Francisco Henrique Noleto Luz Pequeno, assessor jur\u00eddico do munic\u00edpio, e Luiz Humberto de G\u00f3es Saldanha, coordenador Interino da Vigil\u00e2ncia Sanit\u00e1ria do munic\u00edpio.<a href=\"javascript:\"><em>keyboard_arrow_up<\/em><\/a><\/p>\n\n\n\n<figure class=\"wp-block-image\"><img decoding=\"async\" src=\"https:\/\/central.to.gov.br\/image\/251308?w=753&amp;h=465\" alt=\"\"\/><\/figure>\n","protected":false},"excerpt":{"rendered":"<p>Na manh\u00e3 desta quinta-feira, 8, via plataforma Google Meet, representantes do Minist\u00e9rio P\u00fablico, da Marinha do Brasil, da Pol\u00edcia Militar, da Pol\u00edcia Civil, do Corpo de Bombeiros Militar e da Prefeitura Municipal de Miracema do Tocantins estiveram reunidos para alinhamento de a\u00e7\u00f5es de enfrentamento \u00e0 pandemia de Covid-19 no munic\u00edpio. A reuni\u00e3o foi motivada, devido &hellip;<\/p>\n","protected":false},"author":5,"featured_media":1538,"comment_status":"open","ping_status":"open","sticky":false,"template":"","format":"standard","meta":{"footnotes":""},"categories":[1],"tags":[],"class_list":["post-1536","post","type-post","status-publish","format-standard","has-post-thumbnail","","category-sem-categoria"],"_links":{"self":[{"href":"https:\/\/focotocantinense.com.br\/index.php?rest_route=\/wp\/v2\/posts\/1536","targetHints":{"allow":["GET"]}}],"collection":[{"href":"https:\/\/focotocantinense.com.br\/index.php?rest_route=\/wp\/v2\/posts"}],"about":[{"href":"https:\/\/focotocantinense.com.br\/index.php?rest_route=\/wp\/v2\/types\/post"}],"author":[{"embeddable":true,"href":"https:\/\/focotocantinense.com.br\/index.php?rest_route=\/wp\/v2\/users\/5"}],"replies":[{"embeddable":true,"href":"https:\/\/focotocantinense.com.br\/index.php?rest_route=%2Fwp%2Fv2%2Fcomments&post=1536"}],"version-history":[{"count":1,"href":"https:\/\/focotocantinense.com.br\/index.php?rest_route=\/wp\/v2\/posts\/1536\/revisions"}],"predecessor-version":[{"id":1537,"href":"https:\/\/focotocantinense.com.br\/index.php?rest_route=\/wp\/v2\/posts\/1536\/revisions\/1537"}],"wp:featuredmedia":[{"embeddable":true,"href":"https:\/\/focotocantinense.com.br\/index.php?rest_route=\/wp\/v2\/media\/1538"}],"wp:attachment":[{"href":"https:\/\/focotocantinense.com.br\/index.php?rest_route=%2Fwp%2Fv2%2Fmedia&parent=1536"}],"wp:term":[{"taxonomy":"category","embeddable":true,"href":"https:\/\/focotocantinense.com.br\/index.php?rest_route=%2Fwp%2Fv2%2Fcategories&post=1536"},{"taxonomy":"post_tag","embeddable":true,"href":"https:\/\/focotocantinense.com.br\/index.php?rest_route=%2Fwp%2Fv2%2Ftags&post=1536"}],"curies":[{"name":"wp","href":"https:\/\/api.w.org\/{rel}","templated":true}]}}