{"id":1533,"date":"2021-07-08T22:03:49","date_gmt":"2021-07-09T01:03:49","guid":{"rendered":"http:\/\/focotocantinense.com.br\/?p=1533"},"modified":"2021-07-08T22:04:24","modified_gmt":"2021-07-09T01:04:24","slug":"custodiados-contribuem-com-a-saude-da-populacao-com-limpeza-em-escola-municipal-desativada","status":"publish","type":"post","link":"https:\/\/focotocantinense.com.br\/?p=1533","title":{"rendered":"Custodiados contribuem com a sa\u00fade da popula\u00e7\u00e3o com limpeza em escola municipal desativada"},"content":{"rendered":"\n<p>Custodiados da Unidade Penal de Colmeia trabalharam nesta quarta-feira, 7, na limpeza e coleta de entulhos na escola desativada do munic\u00edpio, Chapeuzinho Vermelho. O objetivo dessa a\u00e7\u00e3o \u00e9 evitar o ac\u00famulo de roedores, dizimar focos de mosquitos causadores de doen\u00e7as, contribuindo com a sa\u00fade p\u00fablica da popula\u00e7\u00e3o local.<\/p>\n\n\n\n<p>Essa \u00e9 mais uma realiza\u00e7\u00e3o do programa Reeduca Tocantins, que foca na reinser\u00e7\u00e3o social, remi\u00e7\u00e3o da pena para pessoas privadas de liberdade por meio do trabalho e benef\u00edcios para a sociedade. Um programa idealizado pelo Governo do Tocantins e efetivado pela Superintend\u00eancia de Administra\u00e7\u00e3o dos Sistemas Penitenci\u00e1rio e Prisional da Secretaria de Estado da Cidadania e Justi\u00e7a (Seciju).<\/p>\n\n\n\n<p>Nesta a\u00e7\u00e3o, o programa contou com a parceria da Secretaria Municipal do Meio Ambiente e Saneamento de Colmeia. \u201cAs parcerias entre os \u00f3rg\u00e3os p\u00fablicos em benef\u00edcio da sociedade \u00e9 um objetivo do Sistema Penal, que tem evolu\u00eddo e se expandido no decorrer dos tempos, com projetos que ajudam os custodiados na reinser\u00e7\u00e3o \u00e0 sociedade civil\u201d, falou o chefe da Unidade Penal, Fernando Nicanor Oliveira.<\/p>\n\n\n\n<p>De acordo com o secret\u00e1rio do Meio Ambiente e Saneamento da prefeitura de Colmeia, Ernany Silv\u00e9rio Netto, o trabalho desenvolvido pelos custodiados da Unidade Penal \u00e9 positivo para todos. \u201cEnquanto os presos t\u00eam a oportunidade de trabalhar, a comunidade \u00e9 beneficiada com a m\u00e3o de obra, que chegou em um momento oportuno e veio somar com as equipes da Secretaria que est\u00e3o atuando em a\u00e7\u00f5es de limpeza e conserva\u00e7\u00e3o no munic\u00edpio\u201d, pontuou.<\/p>\n\n\n\n<figure class=\"wp-block-image\"><img decoding=\"async\" src=\"https:\/\/central.to.gov.br\/image\/251348?w=753&amp;h=465\" alt=\"\"\/><\/figure>\n","protected":false},"excerpt":{"rendered":"<p>Custodiados da Unidade Penal de Colmeia trabalharam nesta quarta-feira, 7, na limpeza e coleta de entulhos na escola desativada do munic\u00edpio, Chapeuzinho Vermelho. O objetivo dessa a\u00e7\u00e3o \u00e9 evitar o ac\u00famulo de roedores, dizimar focos de mosquitos causadores de doen\u00e7as, contribuindo com a sa\u00fade p\u00fablica da popula\u00e7\u00e3o local. Essa \u00e9 mais uma realiza\u00e7\u00e3o do programa &hellip;<\/p>\n","protected":false},"author":5,"featured_media":1535,"comment_status":"open","ping_status":"open","sticky":false,"template":"","format":"standard","meta":{"footnotes":""},"categories":[1],"tags":[],"class_list":["post-1533","post","type-post","status-publish","format-standard","has-post-thumbnail","","category-sem-categoria"],"_links":{"self":[{"href":"https:\/\/focotocantinense.com.br\/index.php?rest_route=\/wp\/v2\/posts\/1533","targetHints":{"allow":["GET"]}}],"collection":[{"href":"https:\/\/focotocantinense.com.br\/index.php?rest_route=\/wp\/v2\/posts"}],"about":[{"href":"https:\/\/focotocantinense.com.br\/index.php?rest_route=\/wp\/v2\/types\/post"}],"author":[{"embeddable":true,"href":"https:\/\/focotocantinense.com.br\/index.php?rest_route=\/wp\/v2\/users\/5"}],"replies":[{"embeddable":true,"href":"https:\/\/focotocantinense.com.br\/index.php?rest_route=%2Fwp%2Fv2%2Fcomments&post=1533"}],"version-history":[{"count":1,"href":"https:\/\/focotocantinense.com.br\/index.php?rest_route=\/wp\/v2\/posts\/1533\/revisions"}],"predecessor-version":[{"id":1534,"href":"https:\/\/focotocantinense.com.br\/index.php?rest_route=\/wp\/v2\/posts\/1533\/revisions\/1534"}],"wp:featuredmedia":[{"embeddable":true,"href":"https:\/\/focotocantinense.com.br\/index.php?rest_route=\/wp\/v2\/media\/1535"}],"wp:attachment":[{"href":"https:\/\/focotocantinense.com.br\/index.php?rest_route=%2Fwp%2Fv2%2Fmedia&parent=1533"}],"wp:term":[{"taxonomy":"category","embeddable":true,"href":"https:\/\/focotocantinense.com.br\/index.php?rest_route=%2Fwp%2Fv2%2Fcategories&post=1533"},{"taxonomy":"post_tag","embeddable":true,"href":"https:\/\/focotocantinense.com.br\/index.php?rest_route=%2Fwp%2Fv2%2Ftags&post=1533"}],"curies":[{"name":"wp","href":"https:\/\/api.w.org\/{rel}","templated":true}]}}