{"id":1525,"date":"2021-07-08T20:16:03","date_gmt":"2021-07-08T23:16:03","guid":{"rendered":"http:\/\/focotocantinense.com.br\/?p=1525"},"modified":"2021-07-08T20:17:01","modified_gmt":"2021-07-08T23:17:01","slug":"prefeito-de-tocantinia-manoel-silvino-assina-em-brasilia-o-termo-de-adesao-ao-mes-da-primeira-infancia","status":"publish","type":"post","link":"https:\/\/focotocantinense.com.br\/?p=1525","title":{"rendered":"Prefeito de Tocant\u00ednia, Manoel Silvino assina em Bras\u00edlia o Termo de Ades\u00e3o ao M\u00eas da Primeira Inf\u00e2ncia"},"content":{"rendered":"\n<p>O prefeito de Tocant\u00ednia, Manoel Silvino (SD) e a secret\u00e1ria municipal de Assist\u00eancia Social, Ana Paula Ribeiro De Andrade Oliveira, participaram nesta quinta-feira (8), em Bras\u00edlia, do lan\u00e7amento da&nbsp;<strong>Campanha Amar, Brincar e Cuidar \u2013 ABC<\/strong>,&nbsp; da Secretaria Especial do Desenvolvimento Social do &nbsp;Minist\u00e9rio da Cidadania.<\/p>\n\n\n\n<p>Na oportunidade, o prefeito Manoel Silvino&nbsp; assinou o Termo de Ades\u00e3o ao M\u00eas da Primeira Inf\u00e2ncia, com isso, o munic\u00edpio tocantinense&nbsp; se compromete a dar continuidade \u00e0s pol\u00edticas p\u00fablicas de&nbsp; promo\u00e7\u00e3o &nbsp;\u00e0 &nbsp;primeira inf\u00e2ncia &nbsp;e a&nbsp; &nbsp;participar de a\u00e7\u00f5es e eventos promovidos pela Secretaria Nacional de Aten\u00e7\u00e3o \u00e0 Primeira Inf\u00e2ncia e ainda a produzir materiais e disseminar conhecimento para a difus\u00e3o da import\u00e2ncia da primeira inf\u00e2ncia em Tocant\u00ednia.<\/p>\n\n\n\n<p>J\u00e1 a &nbsp;secret\u00e1ria&nbsp; de Assist\u00eancia Social de Tocant\u00ednia, Ana Paula, &nbsp;explicou que o&nbsp; M\u00eas da Primeira Inf\u00e2ncia \u00e9 uma iniciativa do Minist\u00e9rio da Cidadania realizada por meio da Secretaria Nacional de Aten\u00e7\u00e3o \u00e0 Primeira Inf\u00e2ncia. Tem como objetivo dar visibilidade \u00e0 pauta em todo o Pa\u00eds, por meio de uma agenda nacional de atividades, di\u00e1logos e debates sobre a import\u00e2ncia da primeira inf\u00e2ncia, envolvendo atores da sociedade civil e do governo.<\/p>\n\n\n\n<p><strong>SOBRE A CAMPANHA<\/strong><\/p>\n\n\n\n<p>A campanha&nbsp;<strong>ABC para a Primeira Inf\u00e2ncia&nbsp;<\/strong>apoia o Programa Crian\u00e7a Feliz, do Minist\u00e9rio da Cidadania, que faz o acompanhamento de milhares de gestantes e crian\u00e7as de at\u00e9 6 anos em quase tr\u00eas mil munic\u00edpios brasileiros, promovendo os cuidados com a primeira inf\u00e2ncia. Esse trabalho \u00e9 fruto da parceria entre o Minist\u00e9rio da Cidadania e o Fundo Conjunto para os ODS, uma iniciativa comum da ONU para apoiar o desenvolvimento de pa\u00edses. O fundo \u00e9 liderado pelo UNICEF e composto pelo Fundo de Popula\u00e7\u00f5es das Na\u00e7\u00f5es Unidas (Unfpa), ONU Mulheres, Programa das Na\u00e7\u00f5es Unidas para o Desenvolvimento (Pnud) e Organiza\u00e7\u00e3o das Na\u00e7\u00f5es Unidas para a Educa\u00e7\u00e3o, a Ci\u00eancia e a Cultura (Unesco).<\/p>\n\n\n\n<p>A iniciativa coloca como prioridade a prote\u00e7\u00e3o e os cuidados da primeira inf\u00e2ncia como forma de alcan\u00e7ar os Objetivos de Desenvolvimento Sustent\u00e1vel at\u00e9 2030<\/p>\n\n\n\n<figure class=\"wp-block-image\"><img decoding=\"async\" src=\"http:\/\/n1to.com.br\/img\/uploads\/bb.jpg\" alt=\"\"\/><\/figure>\n\n\n\n<figure class=\"wp-block-image\"><img decoding=\"async\" src=\"http:\/\/n1to.com.br\/img\/uploads\/4_TOCANTINIA_3.jpg\" alt=\"\"\/><\/figure>\n","protected":false},"excerpt":{"rendered":"<p>O prefeito de Tocant\u00ednia, Manoel Silvino (SD) e a secret\u00e1ria municipal de Assist\u00eancia Social, Ana Paula Ribeiro De Andrade Oliveira, participaram nesta quinta-feira (8), em Bras\u00edlia, do lan\u00e7amento da&nbsp;Campanha Amar, Brincar e Cuidar \u2013 ABC,&nbsp; da Secretaria Especial do Desenvolvimento Social do &nbsp;Minist\u00e9rio da Cidadania. Na oportunidade, o prefeito Manoel Silvino&nbsp; assinou o Termo de &hellip;<\/p>\n","protected":false},"author":5,"featured_media":1527,"comment_status":"open","ping_status":"open","sticky":true,"template":"","format":"standard","meta":{"footnotes":""},"categories":[1],"tags":[],"class_list":["post-1525","post","type-post","status-publish","format-standard","has-post-thumbnail","","category-sem-categoria"],"_links":{"self":[{"href":"https:\/\/focotocantinense.com.br\/index.php?rest_route=\/wp\/v2\/posts\/1525","targetHints":{"allow":["GET"]}}],"collection":[{"href":"https:\/\/focotocantinense.com.br\/index.php?rest_route=\/wp\/v2\/posts"}],"about":[{"href":"https:\/\/focotocantinense.com.br\/index.php?rest_route=\/wp\/v2\/types\/post"}],"author":[{"embeddable":true,"href":"https:\/\/focotocantinense.com.br\/index.php?rest_route=\/wp\/v2\/users\/5"}],"replies":[{"embeddable":true,"href":"https:\/\/focotocantinense.com.br\/index.php?rest_route=%2Fwp%2Fv2%2Fcomments&post=1525"}],"version-history":[{"count":1,"href":"https:\/\/focotocantinense.com.br\/index.php?rest_route=\/wp\/v2\/posts\/1525\/revisions"}],"predecessor-version":[{"id":1526,"href":"https:\/\/focotocantinense.com.br\/index.php?rest_route=\/wp\/v2\/posts\/1525\/revisions\/1526"}],"wp:featuredmedia":[{"embeddable":true,"href":"https:\/\/focotocantinense.com.br\/index.php?rest_route=\/wp\/v2\/media\/1527"}],"wp:attachment":[{"href":"https:\/\/focotocantinense.com.br\/index.php?rest_route=%2Fwp%2Fv2%2Fmedia&parent=1525"}],"wp:term":[{"taxonomy":"category","embeddable":true,"href":"https:\/\/focotocantinense.com.br\/index.php?rest_route=%2Fwp%2Fv2%2Fcategories&post=1525"},{"taxonomy":"post_tag","embeddable":true,"href":"https:\/\/focotocantinense.com.br\/index.php?rest_route=%2Fwp%2Fv2%2Ftags&post=1525"}],"curies":[{"name":"wp","href":"https:\/\/api.w.org\/{rel}","templated":true}]}}