{"id":1520,"date":"2021-07-05T19:04:03","date_gmt":"2021-07-05T22:04:03","guid":{"rendered":"http:\/\/focotocantinense.com.br\/?p=1520"},"modified":"2021-07-05T19:17:17","modified_gmt":"2021-07-05T22:17:17","slug":"associacao-de-moradores-e-pequenos-produtores-da-regiao-de-palminha-recebe-maquinario-da-prefeitura-de-tocantinia","status":"publish","type":"post","link":"https:\/\/focotocantinense.com.br\/?p=1520","title":{"rendered":"Associa\u00e7\u00e3o de Moradores e Pequenos Produtores da Regi\u00e3o de Palminha recebe maquin\u00e1rio da Prefeitura de Tocant\u00ednia"},"content":{"rendered":"\n<p>A tarde do dia 03 de Julho do ano de 2021 foi marcada pelo um marco hist\u00f3rico para os moradores do Povoado munic\u00edpio de Tocant\u00ednia. Aconteceu a apresenta\u00e7\u00e3o da sonhada Associa\u00e7\u00e3o de Moradores e Pequenos Produtores da Regi\u00e3o, na oportunidade foi a apresentada a associa\u00e7\u00e3o para toda regi\u00e3o em uma reuni\u00e3o.<\/p>\n\n\n\n<p>A Associa\u00e7\u00e3o de Moradores e Pequenos Produtores do Povoado Palminha, situado na zona rural do munic\u00edpio de Tocant\u00ednia, foi criada em 04 de Janeiro do ano de 2021, e desde ent\u00e3o tem buscado fortalecer, de maneira pujante, todas as a\u00e7\u00f5es com vistas a melhorar a vida, a fam\u00edlia e a comunidade, bem como, enfrentar os desafios de um mundo cada vez mais competitivo.<\/p>\n\n\n\n<p>Parte-se do princ\u00edpio de que as pessoas j\u00e1 associam-se em seu dia-a-dia para satisfazer necessidades individuais e coletivas, praticar solidariedade, promover mudan\u00e7as e empreender esfor\u00e7os em prol de um bem maior, ou seja, de toda a comunidade rural Palminha.<\/p>\n\n\n\n<p><strong>Diretoria<\/strong><\/p>\n\n\n\n<p>A diretoria da Associa\u00e7\u00e3o, ficou assim constitu\u00edda:<\/p>\n\n\n\n<p>Presidente: Vagner Pereira da Silva<\/p>\n\n\n\n<p>Vice-Presidente: Erc\u00edlio Alves da Silva<\/p>\n\n\n\n<p>1\u00b0 Secret\u00e1rio: Marcelo Gomes Lima<\/p>\n\n\n\n<p>2\u00b0 Secret\u00e1rio: Jo\u00e3o Paulo Ribeiro dos Santos<\/p>\n\n\n\n<p>1\u00b0 Tesoureiro: Maria Eliza de Souza Moura<\/p>\n\n\n\n<p>2\u00b0 Tesoureiro: Jaci Gomes Barros<\/p>\n\n\n\n<p><strong>Integram o Conselho Fiscal como Titulares:<\/strong><\/p>\n\n\n\n<p>Leilton Pereira Campos, Luzilton Maciel Borges, Jonas Gomes Ribeiro.&nbsp;<strong>Suplentes:<\/strong>&nbsp;Josivan, Valter e Geovane.<\/p>\n\n\n\n<p>A reuni\u00e3o contou com apoio e a presen\u00e7a do Poder P\u00fablico Municipal, na pessoa do prefeito Manoel Silvino, do  vice-prefeito, Jo\u00e3o Alberto, al\u00e9m dos vereadores: Afonso Tavares, Edney e Reginaldo e secretariado Municipal.<\/p>\n\n\n\n<p>Na oportunidade o prefeito Manoel Silvino firmou parceria com a comunidade em prol do desenvolvimento da regi\u00e3o e entregou um trator com implementos para a comunidade.<\/p>\n\n\n\n<p>O prefeito destacou a import\u00e2ncia da uni\u00e3o e se colocou \u00e0 disposi\u00e7\u00e3o da comunidade.<\/p>\n\n\n\n<p>J\u00e1 o&nbsp; presidente da Associa\u00e7\u00e3o, Vagner Pereira da Silva frisou ser um marco para a comunidade, pois a associa\u00e7\u00e3o vem ao encontro da uni\u00e3o das pessoas e prol de objetivos comuns e que a comunidade s\u00f3 tem a ganhar em participar do projeto. E assim foi oficializada a associa\u00e7\u00e3o.<\/p>\n\n\n\n<figure class=\"wp-block-image\"><img decoding=\"async\" src=\"http:\/\/n1to.com.br\/img\/uploads\/2_Associa%C3%A7%C3%A3o_Palminha.jpg\" alt=\"\"\/><\/figure>\n\n\n\n<figure class=\"wp-block-image\"><img decoding=\"async\" src=\"http:\/\/n1to.com.br\/img\/uploads\/3_Associa%C3%A7%C3%A3o_de_Palminha.png\" alt=\"\"\/><\/figure>\n","protected":false},"excerpt":{"rendered":"<p>A tarde do dia 03 de Julho do ano de 2021 foi marcada pelo um marco hist\u00f3rico para os moradores do Povoado munic\u00edpio de Tocant\u00ednia. Aconteceu a apresenta\u00e7\u00e3o da sonhada Associa\u00e7\u00e3o de Moradores e Pequenos Produtores da Regi\u00e3o, na oportunidade foi a apresentada a associa\u00e7\u00e3o para toda regi\u00e3o em uma reuni\u00e3o. A Associa\u00e7\u00e3o de Moradores &hellip;<\/p>\n","protected":false},"author":5,"featured_media":1522,"comment_status":"open","ping_status":"open","sticky":false,"template":"","format":"standard","meta":{"footnotes":""},"categories":[1],"tags":[],"class_list":["post-1520","post","type-post","status-publish","format-standard","has-post-thumbnail","","category-sem-categoria"],"_links":{"self":[{"href":"https:\/\/focotocantinense.com.br\/index.php?rest_route=\/wp\/v2\/posts\/1520","targetHints":{"allow":["GET"]}}],"collection":[{"href":"https:\/\/focotocantinense.com.br\/index.php?rest_route=\/wp\/v2\/posts"}],"about":[{"href":"https:\/\/focotocantinense.com.br\/index.php?rest_route=\/wp\/v2\/types\/post"}],"author":[{"embeddable":true,"href":"https:\/\/focotocantinense.com.br\/index.php?rest_route=\/wp\/v2\/users\/5"}],"replies":[{"embeddable":true,"href":"https:\/\/focotocantinense.com.br\/index.php?rest_route=%2Fwp%2Fv2%2Fcomments&post=1520"}],"version-history":[{"count":2,"href":"https:\/\/focotocantinense.com.br\/index.php?rest_route=\/wp\/v2\/posts\/1520\/revisions"}],"predecessor-version":[{"id":1524,"href":"https:\/\/focotocantinense.com.br\/index.php?rest_route=\/wp\/v2\/posts\/1520\/revisions\/1524"}],"wp:featuredmedia":[{"embeddable":true,"href":"https:\/\/focotocantinense.com.br\/index.php?rest_route=\/wp\/v2\/media\/1522"}],"wp:attachment":[{"href":"https:\/\/focotocantinense.com.br\/index.php?rest_route=%2Fwp%2Fv2%2Fmedia&parent=1520"}],"wp:term":[{"taxonomy":"category","embeddable":true,"href":"https:\/\/focotocantinense.com.br\/index.php?rest_route=%2Fwp%2Fv2%2Fcategories&post=1520"},{"taxonomy":"post_tag","embeddable":true,"href":"https:\/\/focotocantinense.com.br\/index.php?rest_route=%2Fwp%2Fv2%2Ftags&post=1520"}],"curies":[{"name":"wp","href":"https:\/\/api.w.org\/{rel}","templated":true}]}}