{"id":1515,"date":"2021-07-05T19:00:02","date_gmt":"2021-07-05T22:00:02","guid":{"rendered":"http:\/\/focotocantinense.com.br\/?p=1515"},"modified":"2021-07-05T19:02:53","modified_gmt":"2021-07-05T22:02:53","slug":"antonio-andrade-faz-homenagem-a-jornalista-pioneiro-do-estado","status":"publish","type":"post","link":"https:\/\/focotocantinense.com.br\/?p=1515","title":{"rendered":"Antonio Andrade faz homenagem a jornalista pioneiro do Estado"},"content":{"rendered":"\n<p>O presidente da Assembleia Legislativa do Tocantins (Aleto), deputado Antonio Andrade (PTB), apresentou um Projeto de Lei que concede T\u00edtulo de Cidad\u00e3o Tocantinense ao jornalista Francisco Erasmo Pereira Damasceno.<\/p>\n\n\n\n<p>Damasceno, como \u00e9 conhecido por todos, completa 30 anos de estado do Tocantins em 2021 e durante todo esse tempo dedicou-se a constru\u00e7\u00e3o de uma comunica\u00e7\u00e3o \u00e9tica e transparente, se tornando refer\u00eancia para os profissionais da \u00e1rea.<\/p>\n\n\n\n<p>O trabalho prestado na Casa de Leis \u00e9 reconhecido por todos os parlamentares e funcion\u00e1rios. Damasceno, se tornou a \u201ccara\u201d da TV Assembleia, sempre apto a apoiar a divulga\u00e7\u00e3o dos parlamentares em seus trabalhos.<\/p>\n\n\n\n<p>Segundo o Presidente a homenagem \u00e9 um sinal de respeito e gratid\u00e3o pelo profissionalismo.<\/p>\n\n\n\n<p>\u201cMais que merecedor de um T\u00edtulo de Cidad\u00e3o, \u00e9 um reconhecimento pelos relevantes servi\u00e7os prestados ao Tocantins e a esta Casa\u201d, destacou Andrade.<\/p>\n\n\n\n<p>A propositura foi encaminhada as Comiss\u00f5es para an\u00e1lise, aprova\u00e7\u00e3o e posterior vota\u00e7\u00e3o em plen\u00e1rio.<\/p>\n\n\n\n<p><strong>Sobre o homenageado<\/strong><\/p>\n\n\n\n<p>Francisco Erasmo Pereira Damasceno, nasceu no munic\u00edpio de Sobral, Estado do Cear\u00e1. Veio para o Estado do Tocantins no dia 23 de setembro de 1991. Casado com Joana Darc Rosa Severino Nolasco Damasceno, t\u00eam tr\u00eas filhos: Camila Rosa Nolasco, Maria Luiza Rosa Nolasco Damasceno e Francisco Erasmo Pereira Damasceno Filho.<\/p>\n\n\n\n<p>Formado em jornalismo pela na Universidade Cat\u00f3lica de Pernambuco, iniciou sua vida profissional como rep\u00f3rter da r\u00e1dio Jornal em Recife, no ano de 1983. Logo depois, no ano de 1987, atuou como professor de Comunica\u00e7\u00e3o Comparada da Escola Superior de Rela\u00e7\u00f5es P\u00fablicas de Pernambuco.<\/p>\n\n\n\n<p>No ano seguinte foi para Bras\u00edlia, onde trabalhou na Radiobr\u00e1s e como rep\u00f3rter do programa \u201cA Voz do Brasil\u201d. Na capital brasiliense, trabalhou tamb\u00e9m como correspondente da Emissora Rural, de Pernambuco, nos jornais Correio do Povo, Jornal de Bras\u00edlia, Correio Brasiliense e na R\u00e1dio Globo de Bras\u00edlia.<\/p>\n\n\n\n<p>No ano de 1991, decidiu vir para o Tocantins. Sua trajet\u00f3ria teve in\u00edcio nos Jornais O Pioneiro, Folha do Tocantins e TV Real. No ano de 1994 passou a trabalhar na TV Palmas, trabalhou tamb\u00e9m no Jornal do Tocantins, da Organiza\u00e7\u00e3o Jaime C\u00e2mara e O Jornal.<\/p>\n\n\n\n<p>Assumiu no ano de 1998 a chefia de reportagem da Secretaria Estadual de Comunica\u00e7\u00e3o. Em abril de 2001 assumiu a superintend\u00eancia do Instituto de Radiodifus\u00e3o Educativa, representada pela TV Palmas e R\u00e1dio Palmas FM. Posteriormente, assumiu a imprensa das Secretaria do Governo, onde permaneceu at\u00e9 maio de 2007, quando assumiu a Diretoria de Comunica\u00e7\u00e3o da Assembleia Legislativa do Tocantins.<\/p>\n\n\n\n<figure class=\"wp-block-image\"><img decoding=\"async\" src=\"https:\/\/www.al.to.leg.br\/imagens\/mini\/1130x755\/c5de53924afa324576287edb01f735b4.jpeg\" alt=\"Antonio Andrade e o jornalista Damasceno\"\/><\/figure>\n\n\n\n<p>Antonio Andrade e o jornalista Damasceno&nbsp;&#8211; Foto: Joelma Cristina \/&nbsp;<a href=\"https:\/\/www.al.to.leg.br\/imagens\/c5de53924afa324576287edb01f735b4.jpeg\">&nbsp;HD<\/a><\/p>\n","protected":false},"excerpt":{"rendered":"<p>O presidente da Assembleia Legislativa do Tocantins (Aleto), deputado Antonio Andrade (PTB), apresentou um Projeto de Lei que concede T\u00edtulo de Cidad\u00e3o Tocantinense ao jornalista Francisco Erasmo Pereira Damasceno. Damasceno, como \u00e9 conhecido por todos, completa 30 anos de estado do Tocantins em 2021 e durante todo esse tempo dedicou-se a constru\u00e7\u00e3o de uma comunica\u00e7\u00e3o &hellip;<\/p>\n","protected":false},"author":5,"featured_media":1518,"comment_status":"open","ping_status":"open","sticky":false,"template":"","format":"standard","meta":{"footnotes":""},"categories":[1],"tags":[],"class_list":["post-1515","post","type-post","status-publish","format-standard","has-post-thumbnail","","category-sem-categoria"],"_links":{"self":[{"href":"https:\/\/focotocantinense.com.br\/index.php?rest_route=\/wp\/v2\/posts\/1515","targetHints":{"allow":["GET"]}}],"collection":[{"href":"https:\/\/focotocantinense.com.br\/index.php?rest_route=\/wp\/v2\/posts"}],"about":[{"href":"https:\/\/focotocantinense.com.br\/index.php?rest_route=\/wp\/v2\/types\/post"}],"author":[{"embeddable":true,"href":"https:\/\/focotocantinense.com.br\/index.php?rest_route=\/wp\/v2\/users\/5"}],"replies":[{"embeddable":true,"href":"https:\/\/focotocantinense.com.br\/index.php?rest_route=%2Fwp%2Fv2%2Fcomments&post=1515"}],"version-history":[{"count":3,"href":"https:\/\/focotocantinense.com.br\/index.php?rest_route=\/wp\/v2\/posts\/1515\/revisions"}],"predecessor-version":[{"id":1519,"href":"https:\/\/focotocantinense.com.br\/index.php?rest_route=\/wp\/v2\/posts\/1515\/revisions\/1519"}],"wp:featuredmedia":[{"embeddable":true,"href":"https:\/\/focotocantinense.com.br\/index.php?rest_route=\/wp\/v2\/media\/1518"}],"wp:attachment":[{"href":"https:\/\/focotocantinense.com.br\/index.php?rest_route=%2Fwp%2Fv2%2Fmedia&parent=1515"}],"wp:term":[{"taxonomy":"category","embeddable":true,"href":"https:\/\/focotocantinense.com.br\/index.php?rest_route=%2Fwp%2Fv2%2Fcategories&post=1515"},{"taxonomy":"post_tag","embeddable":true,"href":"https:\/\/focotocantinense.com.br\/index.php?rest_route=%2Fwp%2Fv2%2Ftags&post=1515"}],"curies":[{"name":"wp","href":"https:\/\/api.w.org\/{rel}","templated":true}]}}