{"id":1510,"date":"2021-07-05T14:38:20","date_gmt":"2021-07-05T17:38:20","guid":{"rendered":"http:\/\/focotocantinense.com.br\/?p=1510"},"modified":"2021-07-05T15:04:07","modified_gmt":"2021-07-05T18:04:07","slug":"camara-de-lagoa-da-confusao-autoriza-prefeitura-a-contratar-com-25-brigadistas-florestais","status":"publish","type":"post","link":"https:\/\/focotocantinense.com.br\/?p=1510","title":{"rendered":"C\u00e2mara de Lagoa da Confus\u00e3o autoriza prefeitura a contratar com 25 Brigadistas Florestais"},"content":{"rendered":"\n<p><strong>Por Zacarias Martins<\/strong><\/p>\n\n\n\n<p>Em sess\u00e3o extraordin\u00e1ria realizada na manh\u00e3 desta segunda-feira (5), a C\u00e2mara Municipal de Lagoa da Confus\u00e3o aprovou o Projeto de Lei n 015\/2021, oriundo do Executivo Municipal, onde fica autorizada a contrata\u00e7\u00e3o de 25 Brigadistas Florestais, em raz\u00e3o da necessidade imediata para se atuar na preven\u00e7\u00e3o e no combate \u00e0s queimadas no decorrer deste ano.<\/p>\n\n\n\n<p>O Governo do Tocantins, por meio do Corpo de Bombeiros, bem como, da Coordena\u00e7\u00e3o Estadual e Defesa Civil, j\u00e1 havia chamado o prefeito Thiago Carlos, em Palmas, para celebrar uma coopera\u00e7\u00e3o m\u00fatua entre o Estado e o Munic\u00edpio, visando a atua\u00e7\u00e3o de preven\u00e7\u00e3o e combate \u00e0s queimadas ao logo de 2021, onde o munic\u00edpio de Lagoa da Confus\u00e3o dever\u00e1, dentre outras coisas, contratar 25 Brigadistas Florestais.<\/p>\n\n\n\n<p>Segundo informa\u00e7\u00f5es do presidente da C\u00e2mara de Vereadores de lagoa da Confus\u00e3o, Luiz Edvaldo Coelho dos Santos \u2013 o Di, ficou fartamente demonstrada e provada a necessidade dessa contrata\u00e7\u00e3o, por isso os vereadores n\u00e3o colocaram nenhum empecilho para aprovar os termos dessa coopera\u00e7\u00e3o t\u00e9cnica entre Estado e Munic\u00edpio para efetivar as a\u00e7\u00f5es de combate e preven\u00e7\u00e3o \u00e0s queimadas em 2021, com a contrata\u00e7\u00e3o excepcional e tempor\u00e1ria dos 25 brigadistas para Lagoa da Confus\u00e3o.<\/p>\n\n\n\n<p><\/p>\n\n\n\n<figure class=\"wp-block-image\"><img decoding=\"async\" src=\"https:\/\/www.n1to.com.br\/img\/cache\/800x400\/80\/crop\/Imagem-54298c38e5937fbd09f08552f2ec0a61.png\" alt=\"\"\/><figcaption><strong>Vereador Luiz Edvaldo Coelho dos Santos, presidente da C\u00e2mara de Lagoa da Confus\u00e3o.<\/strong><\/figcaption><\/figure>\n\n\n\n<p><\/p>\n","protected":false},"excerpt":{"rendered":"<p>Por Zacarias Martins Em sess\u00e3o extraordin\u00e1ria realizada na manh\u00e3 desta segunda-feira (5), a C\u00e2mara Municipal de Lagoa da Confus\u00e3o aprovou o Projeto de Lei n 015\/2021, oriundo do Executivo Municipal, onde fica autorizada a contrata\u00e7\u00e3o de 25 Brigadistas Florestais, em raz\u00e3o da necessidade imediata para se atuar na preven\u00e7\u00e3o e no combate \u00e0s queimadas no &hellip;<\/p>\n","protected":false},"author":5,"featured_media":1513,"comment_status":"open","ping_status":"open","sticky":false,"template":"","format":"standard","meta":{"footnotes":""},"categories":[1],"tags":[],"class_list":["post-1510","post","type-post","status-publish","format-standard","has-post-thumbnail","","category-sem-categoria"],"_links":{"self":[{"href":"https:\/\/focotocantinense.com.br\/index.php?rest_route=\/wp\/v2\/posts\/1510","targetHints":{"allow":["GET"]}}],"collection":[{"href":"https:\/\/focotocantinense.com.br\/index.php?rest_route=\/wp\/v2\/posts"}],"about":[{"href":"https:\/\/focotocantinense.com.br\/index.php?rest_route=\/wp\/v2\/types\/post"}],"author":[{"embeddable":true,"href":"https:\/\/focotocantinense.com.br\/index.php?rest_route=\/wp\/v2\/users\/5"}],"replies":[{"embeddable":true,"href":"https:\/\/focotocantinense.com.br\/index.php?rest_route=%2Fwp%2Fv2%2Fcomments&post=1510"}],"version-history":[{"count":2,"href":"https:\/\/focotocantinense.com.br\/index.php?rest_route=\/wp\/v2\/posts\/1510\/revisions"}],"predecessor-version":[{"id":1514,"href":"https:\/\/focotocantinense.com.br\/index.php?rest_route=\/wp\/v2\/posts\/1510\/revisions\/1514"}],"wp:featuredmedia":[{"embeddable":true,"href":"https:\/\/focotocantinense.com.br\/index.php?rest_route=\/wp\/v2\/media\/1513"}],"wp:attachment":[{"href":"https:\/\/focotocantinense.com.br\/index.php?rest_route=%2Fwp%2Fv2%2Fmedia&parent=1510"}],"wp:term":[{"taxonomy":"category","embeddable":true,"href":"https:\/\/focotocantinense.com.br\/index.php?rest_route=%2Fwp%2Fv2%2Fcategories&post=1510"},{"taxonomy":"post_tag","embeddable":true,"href":"https:\/\/focotocantinense.com.br\/index.php?rest_route=%2Fwp%2Fv2%2Ftags&post=1510"}],"curies":[{"name":"wp","href":"https:\/\/api.w.org\/{rel}","templated":true}]}}