{"id":1506,"date":"2021-07-05T09:43:12","date_gmt":"2021-07-05T12:43:12","guid":{"rendered":"http:\/\/focotocantinense.com.br\/?p=1506"},"modified":"2021-07-05T09:45:12","modified_gmt":"2021-07-05T12:45:12","slug":"policia-civil-cumpre-14-mandados-de-busca-e-apreensao-e-cinco-de-prisao-em-operacao-para-combater-serie-de-homicidios-entre-faccoes-criminosas","status":"publish","type":"post","link":"https:\/\/focotocantinense.com.br\/?p=1506","title":{"rendered":"Pol\u00edcia Civil cumpre 14 mandados de busca e apreens\u00e3o e cinco de pris\u00e3o em opera\u00e7\u00e3o para combater s\u00e9rie de homic\u00eddios entre fac\u00e7\u00f5es criminosas"},"content":{"rendered":"\n<p>A Pol\u00edcia Civil do Tocantins (PC-TO) deflagrou, na manh\u00e3 deste domingo, 04,&nbsp; em Tocantin\u00f3polis, a Opera\u00e7\u00e3o Prometeu. Ao todo participaram 60 policiais civis que deram cumprimento a 14 mandados de busca e apreens\u00e3o e cinco mandados de pris\u00e3o tempor\u00e1ria. Foram presas quatro pessoas em Tocantin\u00f3polis, um deles estava escondido dentro de um guarda-roupas. Outros dois homens foram presos temporariamente, um em Goi\u00e2nia e outro em S\u00e3o Paulo.&nbsp;<\/p>\n\n\n\n<p>O objetivo da opera\u00e7\u00e3o foi prender pessoas ligadas aos crimes de homic\u00eddio e tentativa de homic\u00eddio ocorridos em Tocantin\u00f3polis que ocorreram no primeiro semestre deste ano, fruto de uma guerra entre fac\u00e7\u00f5es criminosas.&nbsp;<\/p>\n\n\n\n<p>A opera\u00e7\u00e3o, que foi coordenada pelo Delegado de Pol\u00edcia de Tocantin\u00f3polis, Tiago Daniel de Moraes e contou com o apoio do Grupo de Opera\u00e7\u00f5es T\u00e1ticas Especiais (GOTE), Centro Integrado de Opera\u00e7\u00f5es A\u00e9reas (CIOPAER), 3\u00aa Divis\u00e3o Especializada de Repress\u00e3o ao Crime Organizado (DEIC &#8211; Aragua\u00edna)&nbsp; e da 2\u00aa Divis\u00e3o Especializada de Homic\u00eddios e Prote\u00e7\u00e3o \u00e0 Pessoa (DHPP &#8211; Aragua\u00edna).<\/p>\n\n\n\n<p>\u201cA a\u00e7\u00e3o ocorreu conforme o planejado e conseguimos efetuar a captura desses indiv\u00edduos de alta periculosidade e que s\u00e3o os respons\u00e1veis por espalhar terror em Tocantin\u00f3polis, inclusive realizando execu\u00e7\u00f5es a luz do dia. Agora, as investiga\u00e7\u00f5es ter\u00e3o continuidade a fim de que a Pol\u00edcia Civil do Tocantins possa apurar a extens\u00e3o dos crimes por eles cometidos\u201d, ponderou o delegado&nbsp; respons\u00e1vel.<\/p>\n\n\n\n<p><strong>Pris\u00f5es<\/strong><\/p>\n\n\n\n<p>Todos os presos v\u00e3o responder pelo crime de associa\u00e7\u00e3o criminosa e homic\u00eddio, e tamb\u00e9m ser\u00e3o investigados pelos crimes de tr\u00e1fico de drogas e porte ilegal de arma de fogo. Os que foram presos no Tocantins ser\u00e3o levados para a Cadeia P\u00fablica de Tocantin\u00f3polis.<\/p>\n\n\n\n<figure class=\"wp-block-image\"><img decoding=\"async\" src=\"https:\/\/central.to.gov.br\/image\/250752?w=753&amp;h=465\" alt=\"\"\/><\/figure>\n\n\n\n<figure class=\"wp-block-image\"><img decoding=\"async\" src=\"http:\/\/n1to.com.br\/img\/uploads\/bbbbbb_2.jpg\" alt=\"\"\/><\/figure>\n\n\n\n<figure class=\"wp-block-image\"><img decoding=\"async\" src=\"http:\/\/n1to.com.br\/img\/uploads\/cccccc.jpg\" alt=\"\"\/><\/figure>\n","protected":false},"excerpt":{"rendered":"<p>A Pol\u00edcia Civil do Tocantins (PC-TO) deflagrou, na manh\u00e3 deste domingo, 04,&nbsp; em Tocantin\u00f3polis, a Opera\u00e7\u00e3o Prometeu. Ao todo participaram 60 policiais civis que deram cumprimento a 14 mandados de busca e apreens\u00e3o e cinco mandados de pris\u00e3o tempor\u00e1ria. Foram presas quatro pessoas em Tocantin\u00f3polis, um deles estava escondido dentro de um guarda-roupas. Outros dois &hellip;<\/p>\n","protected":false},"author":5,"featured_media":1508,"comment_status":"open","ping_status":"open","sticky":false,"template":"","format":"standard","meta":{"footnotes":""},"categories":[1],"tags":[],"class_list":["post-1506","post","type-post","status-publish","format-standard","has-post-thumbnail","","category-sem-categoria"],"_links":{"self":[{"href":"https:\/\/focotocantinense.com.br\/index.php?rest_route=\/wp\/v2\/posts\/1506","targetHints":{"allow":["GET"]}}],"collection":[{"href":"https:\/\/focotocantinense.com.br\/index.php?rest_route=\/wp\/v2\/posts"}],"about":[{"href":"https:\/\/focotocantinense.com.br\/index.php?rest_route=\/wp\/v2\/types\/post"}],"author":[{"embeddable":true,"href":"https:\/\/focotocantinense.com.br\/index.php?rest_route=\/wp\/v2\/users\/5"}],"replies":[{"embeddable":true,"href":"https:\/\/focotocantinense.com.br\/index.php?rest_route=%2Fwp%2Fv2%2Fcomments&post=1506"}],"version-history":[{"count":2,"href":"https:\/\/focotocantinense.com.br\/index.php?rest_route=\/wp\/v2\/posts\/1506\/revisions"}],"predecessor-version":[{"id":1509,"href":"https:\/\/focotocantinense.com.br\/index.php?rest_route=\/wp\/v2\/posts\/1506\/revisions\/1509"}],"wp:featuredmedia":[{"embeddable":true,"href":"https:\/\/focotocantinense.com.br\/index.php?rest_route=\/wp\/v2\/media\/1508"}],"wp:attachment":[{"href":"https:\/\/focotocantinense.com.br\/index.php?rest_route=%2Fwp%2Fv2%2Fmedia&parent=1506"}],"wp:term":[{"taxonomy":"category","embeddable":true,"href":"https:\/\/focotocantinense.com.br\/index.php?rest_route=%2Fwp%2Fv2%2Fcategories&post=1506"},{"taxonomy":"post_tag","embeddable":true,"href":"https:\/\/focotocantinense.com.br\/index.php?rest_route=%2Fwp%2Fv2%2Ftags&post=1506"}],"curies":[{"name":"wp","href":"https:\/\/api.w.org\/{rel}","templated":true}]}}