{"id":1503,"date":"2021-07-02T15:06:19","date_gmt":"2021-07-02T18:06:19","guid":{"rendered":"http:\/\/focotocantinense.com.br\/?p=1503"},"modified":"2021-07-02T15:07:10","modified_gmt":"2021-07-02T18:07:10","slug":"sala-do-empreendedor-e-oficialmente-inaugurada-em-tocantinia","status":"publish","type":"post","link":"https:\/\/focotocantinense.com.br\/?p=1503","title":{"rendered":"Sala do Empreendedor \u00e9 oficialmente inaugurada em Tocant\u00ednia"},"content":{"rendered":"\n<p><strong>Por Zacarias Martins<\/strong><\/p>\n\n\n\n<p>Agora \u00e9 oficial. O munic\u00edpio de Tocant\u00ednia j\u00e1 conta com uma Sala do Empreendedor. A cerim\u00f4nia de inaugura\u00e7\u00e3o aconteceu na manh\u00e3 &nbsp;desta quinta-feira (01\/07).<\/p>\n\n\n\n<p>O prefeito de Tocant\u00ednia Manoel Silvino (SD) e o vice Jo\u00e3o Alberto, juntamente com os secret\u00e1rios Ana Paula Ribeiro (Assist\u00eancia Social), Enaldo Rodrigues da Costa (Administra\u00e7\u00e3o), Andr\u00e9 Goveia (Educa\u00e7\u00e3o), Francisco Nardes (Meio Ambiente), Adalto Pereira (Juventude e Esporte), e o Ediney Silva Reis (Ass. Adm. Ruraltins), receberam a equipe do Sebrae para formalizar a inaugura\u00e7\u00e3o da Sala do Empreendedor.<\/p>\n\n\n\n<p>Esse \u00e9 o principal passo para que o munic\u00edpio de Tocant\u00ednia seja uma cidade beneficiada com o Programa Cidade Empreendedora, do Sebrae Tocantins, cujo objetivo \u00e9 a implanta\u00e7\u00e3o de pol\u00edticas de desenvolvimento em eixos estrat\u00e9gicos.<\/p>\n\n\n\n<p>Ap\u00f3s a inaugura\u00e7\u00e3o da Sala do Empreendedor, o prefeito Silvino, &nbsp;no seu gabinete, &nbsp;assinou a proposta firmando a coopera\u00e7\u00e3o e parceria entre a prefeitura e o Sebrae para execu\u00e7\u00e3o do Programa no munic\u00edpio.<\/p>\n\n\n\n<p>O gerente do Sebrae Edglei Rodrigues explanou quando for firmado o contrato uma equipe do \u00f3rg\u00e3o estar\u00e1 prestando assist\u00eancia e assessoria aos comerciantes local, bem como oficinas de artesanatos entre outras<br><br>O prefeito &nbsp;Manoel Silvino&nbsp; destacou que mesmo&nbsp; com as dificuldades enfrentadas, especialmente por conta desse per\u00edodo de pandemia,&nbsp; a administra\u00e7\u00e3o municipal conseguiu&nbsp; trazer esse novo espa\u00e7o que vai atingir a popula\u00e7\u00e3o e principalmente aqueles que mais precisam, com a gera\u00e7\u00e3o de emprego e renda.<\/p>\n\n\n\n<p>\u201cEssa ferramenta sempre foi uma prioridade do nosso governo e hoje \u00e9 uma realidade muito importante para a gente. N\u00e3o tenho d\u00favidas de que, com o apoio de todos os nossos secret\u00e1rios e demais partes envolvidas, vamos obter grande sucesso. Quem gera o emprego \u00e9 o empres\u00e1rio, por isso temos que ter uma boa rela\u00e7\u00e3o com todos eles e assim ajudar o desenvolvimento de nossa cidade\u201d, comenta\u201d, concluiu o prefeito Silvino.<\/p>\n\n\n\n<figure class=\"wp-block-image\"><img decoding=\"async\" src=\"http:\/\/n1to.com.br\/img\/uploads\/2_Tocantinia_-_Sala_do_Empreendedor_-_Foto_Edvaldo_Xerente.jpg\" alt=\"\"\/><\/figure>\n","protected":false},"excerpt":{"rendered":"<p>Por Zacarias Martins Agora \u00e9 oficial. O munic\u00edpio de Tocant\u00ednia j\u00e1 conta com uma Sala do Empreendedor. A cerim\u00f4nia de inaugura\u00e7\u00e3o aconteceu na manh\u00e3 &nbsp;desta quinta-feira (01\/07). O prefeito de Tocant\u00ednia Manoel Silvino (SD) e o vice Jo\u00e3o Alberto, juntamente com os secret\u00e1rios Ana Paula Ribeiro (Assist\u00eancia Social), Enaldo Rodrigues da Costa (Administra\u00e7\u00e3o), Andr\u00e9 Goveia &hellip;<\/p>\n","protected":false},"author":5,"featured_media":1505,"comment_status":"open","ping_status":"open","sticky":false,"template":"","format":"standard","meta":{"footnotes":""},"categories":[1],"tags":[],"class_list":["post-1503","post","type-post","status-publish","format-standard","has-post-thumbnail","","category-sem-categoria"],"_links":{"self":[{"href":"https:\/\/focotocantinense.com.br\/index.php?rest_route=\/wp\/v2\/posts\/1503","targetHints":{"allow":["GET"]}}],"collection":[{"href":"https:\/\/focotocantinense.com.br\/index.php?rest_route=\/wp\/v2\/posts"}],"about":[{"href":"https:\/\/focotocantinense.com.br\/index.php?rest_route=\/wp\/v2\/types\/post"}],"author":[{"embeddable":true,"href":"https:\/\/focotocantinense.com.br\/index.php?rest_route=\/wp\/v2\/users\/5"}],"replies":[{"embeddable":true,"href":"https:\/\/focotocantinense.com.br\/index.php?rest_route=%2Fwp%2Fv2%2Fcomments&post=1503"}],"version-history":[{"count":1,"href":"https:\/\/focotocantinense.com.br\/index.php?rest_route=\/wp\/v2\/posts\/1503\/revisions"}],"predecessor-version":[{"id":1504,"href":"https:\/\/focotocantinense.com.br\/index.php?rest_route=\/wp\/v2\/posts\/1503\/revisions\/1504"}],"wp:featuredmedia":[{"embeddable":true,"href":"https:\/\/focotocantinense.com.br\/index.php?rest_route=\/wp\/v2\/media\/1505"}],"wp:attachment":[{"href":"https:\/\/focotocantinense.com.br\/index.php?rest_route=%2Fwp%2Fv2%2Fmedia&parent=1503"}],"wp:term":[{"taxonomy":"category","embeddable":true,"href":"https:\/\/focotocantinense.com.br\/index.php?rest_route=%2Fwp%2Fv2%2Fcategories&post=1503"},{"taxonomy":"post_tag","embeddable":true,"href":"https:\/\/focotocantinense.com.br\/index.php?rest_route=%2Fwp%2Fv2%2Ftags&post=1503"}],"curies":[{"name":"wp","href":"https:\/\/api.w.org\/{rel}","templated":true}]}}