{"id":1500,"date":"2021-07-02T12:46:38","date_gmt":"2021-07-02T15:46:38","guid":{"rendered":"http:\/\/focotocantinense.com.br\/?p=1500"},"modified":"2021-07-02T12:47:29","modified_gmt":"2021-07-02T15:47:29","slug":"presidente-da-aleto-inaugura-sinal-digital-da-tv-assembleia-em-gurupi","status":"publish","type":"post","link":"https:\/\/focotocantinense.com.br\/?p=1500","title":{"rendered":"Presidente da Aleto inaugura sinal digital da TV Assembleia em Gurupi"},"content":{"rendered":"\n<p>O presidente da Assembleia Legislativa do Tocantins (Aleto), deputado Antonio Andrade, lan\u00e7ou na noite dessa quinta-feira, dia 1\u00ba, o sinal da TV Assembleia em Gurupi. O evento aconteceu na C\u00e2mara Municipal daquela cidade e contou com a presen\u00e7a do governador Mauro Carlesse (PSL), do vice Wanderlei Barbosa, da prefeita Josi Nunes (PSL), de deputados estaduais, secret\u00e1rios de Estado e vereadores.<\/p>\n\n\n\n<p>O sinal digital da TV Assembleia na cidade ser\u00e1 transmitido pelo canal 5.2, por meio do qual os moradores de Gurupi e regi\u00e3o passam a ter acesso \u00e0s reuni\u00f5es das comiss\u00f5es, sess\u00f5es plen\u00e1rias da Casa, programas regionais e parte da programa\u00e7\u00e3o da TV C\u00e2mara. Al\u00e9m disso, atrav\u00e9s de parcerias, a TV Aleto divulga as a\u00e7\u00f5es do Governo do Estado, Minist\u00e9rio P\u00fablico, Tribunal de Contas e Defensoria P\u00fablica.<\/p>\n\n\n\n<p>Durante a solenidade, foi assinado tamb\u00e9m um termo de coopera\u00e7\u00e3o t\u00e9cnica entre a Assembleia e a Prefeitura de Gurupi, o que permitir\u00e1 a divulga\u00e7\u00e3o de a\u00e7\u00f5es do Executivo municipal e, possivelmente, da C\u00e2mara Municipal.<\/p>\n\n\n\n<p>Em seu discurso, Andrade destacou a import\u00e2ncia da chegada do sinal digital \u00e0 principal cidade da regi\u00e3o sul do Estado. \u201cA programa\u00e7\u00e3o da TV Assembleia vai pegar 24 horas por dia, em canal aberto, por meio da qual o cidad\u00e3o ter\u00e1 a oportunidade de conhecer o trabalho do Legislativo, do Executivo e de institui\u00e7\u00f5es como o Minist\u00e9rio P\u00fablico\u201d, disse.<\/p>\n\n\n\n<p>O governador enfatizou o papel da comunica\u00e7\u00e3o, no sentido de dar visibilidade e transpar\u00eancia \u00e0s a\u00e7\u00f5es do poder p\u00fablico. \u201cOs deputados apresentam seus projetos de melhoria para o Estado e muitas vezes a popula\u00e7\u00e3o n\u00e3o fica sabendo. Nessa pandemia, por exemplo, eles destinaram cerca de R$ 40 milh\u00f5es [por meio de emendas parlamentares] \u00e0 aquisi\u00e7\u00e3o de kits-alimenta\u00e7\u00e3o. Precisamos levar essa informa\u00e7\u00e3o para a popula\u00e7\u00e3o, e a TV Assembleia vem para estreitar esse la\u00e7o e melhorar essa comunica\u00e7\u00e3o\u201d, concluiu Mauro Carlesse.<\/p>\n\n\n\n<p>Vice-governador do Estado, Wanderlei Barbosa tamb\u00e9m comemorou a chegada do sinal digital \u00e0 regi\u00e3o sul. \u201cA comunica\u00e7\u00e3o move a sociedade, e viemos inaugurar um canal que aproximar\u00e1 a Assembleia Legislativa da popula\u00e7\u00e3o da regi\u00e3o sul do Estado e, assim, descentralizar as informa\u00e7\u00f5es e as discuss\u00f5es para o nosso desenvolvimento\u201d, afirmou.<\/p>\n\n\n\n<p><strong>Parceria<\/strong><\/p>\n\n\n\n<p>A chegada do sinal digital da TV Assembleia a Gurupi foi poss\u00edvel gra\u00e7as \u00e0 coopera\u00e7\u00e3o t\u00e9cnica com a Universidade Estadual do Tocantins (Unitins), que a partir de agora transmitir\u00e1 seus conte\u00fados educativos pelo canal 5.3, mesmo sinal em que retransmitir\u00e1 parte da programa\u00e7\u00e3o nacional da TV Cultura, mantida pela Funda\u00e7\u00e3o Anchieta, de S\u00e3o Paulo.<\/p>\n\n\n\n<p>Al\u00e9m das autoridades j\u00e1 citadas, prestigiaram a solenidade os deputados estaduais Ricardo Ayres (PSB), Olyntho Neto (PSDB) e Elenil da Penha (MDB); secret\u00e1rios de Estado e municipais; o promotor de Justi\u00e7a, Reinaldo Koch Filho; o presidente da C\u00e2mara Municipal de Gurupi, Rodrigo Maciel; vereadores e l\u00edderes p\u00fablicos locais e regionais.<\/p>\n\n\n\n<figure class=\"wp-block-image\"><img decoding=\"async\" src=\"https:\/\/www.al.to.leg.br\/imagens\/mini\/1130x755\/97530ee78325703197fddfa54e62016e.jpeg\" alt=\"Lan\u00e7amento do sinal digital da TV Assembleia \"\/><\/figure>\n","protected":false},"excerpt":{"rendered":"<p>O presidente da Assembleia Legislativa do Tocantins (Aleto), deputado Antonio Andrade, lan\u00e7ou na noite dessa quinta-feira, dia 1\u00ba, o sinal da TV Assembleia em Gurupi. O evento aconteceu na C\u00e2mara Municipal daquela cidade e contou com a presen\u00e7a do governador Mauro Carlesse (PSL), do vice Wanderlei Barbosa, da prefeita Josi Nunes (PSL), de deputados estaduais, &hellip;<\/p>\n","protected":false},"author":5,"featured_media":1502,"comment_status":"open","ping_status":"open","sticky":false,"template":"","format":"standard","meta":{"footnotes":""},"categories":[1],"tags":[],"class_list":["post-1500","post","type-post","status-publish","format-standard","has-post-thumbnail","","category-sem-categoria"],"_links":{"self":[{"href":"https:\/\/focotocantinense.com.br\/index.php?rest_route=\/wp\/v2\/posts\/1500","targetHints":{"allow":["GET"]}}],"collection":[{"href":"https:\/\/focotocantinense.com.br\/index.php?rest_route=\/wp\/v2\/posts"}],"about":[{"href":"https:\/\/focotocantinense.com.br\/index.php?rest_route=\/wp\/v2\/types\/post"}],"author":[{"embeddable":true,"href":"https:\/\/focotocantinense.com.br\/index.php?rest_route=\/wp\/v2\/users\/5"}],"replies":[{"embeddable":true,"href":"https:\/\/focotocantinense.com.br\/index.php?rest_route=%2Fwp%2Fv2%2Fcomments&post=1500"}],"version-history":[{"count":1,"href":"https:\/\/focotocantinense.com.br\/index.php?rest_route=\/wp\/v2\/posts\/1500\/revisions"}],"predecessor-version":[{"id":1501,"href":"https:\/\/focotocantinense.com.br\/index.php?rest_route=\/wp\/v2\/posts\/1500\/revisions\/1501"}],"wp:featuredmedia":[{"embeddable":true,"href":"https:\/\/focotocantinense.com.br\/index.php?rest_route=\/wp\/v2\/media\/1502"}],"wp:attachment":[{"href":"https:\/\/focotocantinense.com.br\/index.php?rest_route=%2Fwp%2Fv2%2Fmedia&parent=1500"}],"wp:term":[{"taxonomy":"category","embeddable":true,"href":"https:\/\/focotocantinense.com.br\/index.php?rest_route=%2Fwp%2Fv2%2Fcategories&post=1500"},{"taxonomy":"post_tag","embeddable":true,"href":"https:\/\/focotocantinense.com.br\/index.php?rest_route=%2Fwp%2Fv2%2Ftags&post=1500"}],"curies":[{"name":"wp","href":"https:\/\/api.w.org\/{rel}","templated":true}]}}