{"id":1496,"date":"2021-07-01T11:37:13","date_gmt":"2021-07-01T14:37:13","guid":{"rendered":"http:\/\/focotocantinense.com.br\/?p=1496"},"modified":"2021-07-01T11:38:18","modified_gmt":"2021-07-01T14:38:18","slug":"inspiracao-e-fe-na-poesia-de-angelo-bruno","status":"publish","type":"post","link":"https:\/\/focotocantinense.com.br\/?p=1496","title":{"rendered":"Inspira\u00e7\u00e3o e f\u00e9 na poesia de \u00c2ngelo Bruno"},"content":{"rendered":"\n<p><strong>Por Zacaria Martins<\/strong><\/p>\n\n\n\n<p>O escritor&nbsp; e poeta \u00c2ngelo Bruno prepara o lan\u00e7amento de seu novo livro:&nbsp; \u201c<em>Senhor, eis-me aqu<\/em>i\u201d, pela Editora Kelps. Segundo o autor,&nbsp; trata-se de uma &nbsp;obra que re\u00fane poemas e muita f\u00e9 em versos que exaltam a fam\u00edlia, a natureza e a igreja. O lan\u00e7amento acontece no pr\u00f3ximo dia 8 de julho, \u00e0s 19 horas, pelo canal da&nbsp;<strong><a href=\"https:\/\/www.youtube.com\/channel\/UCN-EaErw_88r3Lbt3rffjgw\" target=\"_blank\" rel=\"noreferrer noopener\">Kelps Editora no YouTube.<\/a><\/strong><\/p>\n\n\n\n<p><strong>Credenciais do autor<\/strong><\/p>\n\n\n\n<p>\u00c2ngelo Bruno \u00e9 \u00edtalo-brasileiro, formado em Matem\u00e1tica pela UFG,&nbsp; e membro fundador da Academia de Letras de Aragua\u00edna e Norte Tocantinense (Acalanto), onde ocupa a cadeira n\u00famero 3, cujo Patrono \u00e9 o padre Josimo Morais Tavares.<\/p>\n\n\n\n<p>Al\u00e9m de \u201c<em>Senhor, eis-me aqui<\/em>!\u201d, \u00c2ngelo Bruno &nbsp;j\u00e1 publicou os seguintes livros:&nbsp;<em>\u201cRaios de Luz\u201d<\/em>&nbsp;&nbsp;-1995 (Gr\u00e1fica Compushop); \u201c<em>Poemas aos Jovens com Carinho<\/em>&nbsp;-1997(Gr\u00e1fica Santa Rita<em>);&nbsp; \u201cCantando a Vida<\/em>\u201d &#8211; 2001(Litteris Editora);&nbsp;\u201c<em>Tim-Tim<\/em>\u201d \u2013 2004 (Editora Veloso): \u201c<em>Duas P\u00e1trias e um S\u00f3 Cora\u00e7\u00e3o<\/em>\u201d &#8211; 2010 (Editora Kelps);&nbsp; e \u201c<em>Evangelho da Fam\u00edlia<\/em>\u201d &#8211; 2016 ( Stylo Gr\u00e1fica)<\/p>\n\n\n\n<figure class=\"wp-block-image\"><img decoding=\"async\" src=\"https:\/\/www.n1to.com.br\/img\/cache\/800x400\/80\/crop\/Imagem-208c76f3e37aae44bd80b7cad5599c1b.jpg\" alt=\"\"\/><\/figure>\n","protected":false},"excerpt":{"rendered":"<p>Por Zacaria Martins O escritor&nbsp; e poeta \u00c2ngelo Bruno prepara o lan\u00e7amento de seu novo livro:&nbsp; \u201cSenhor, eis-me aqui\u201d, pela Editora Kelps. Segundo o autor,&nbsp; trata-se de uma &nbsp;obra que re\u00fane poemas e muita f\u00e9 em versos que exaltam a fam\u00edlia, a natureza e a igreja. O lan\u00e7amento acontece no pr\u00f3ximo dia 8 de julho, &hellip;<\/p>\n","protected":false},"author":5,"featured_media":1498,"comment_status":"open","ping_status":"open","sticky":false,"template":"","format":"standard","meta":{"footnotes":""},"categories":[1],"tags":[],"class_list":["post-1496","post","type-post","status-publish","format-standard","has-post-thumbnail","","category-sem-categoria"],"_links":{"self":[{"href":"https:\/\/focotocantinense.com.br\/index.php?rest_route=\/wp\/v2\/posts\/1496","targetHints":{"allow":["GET"]}}],"collection":[{"href":"https:\/\/focotocantinense.com.br\/index.php?rest_route=\/wp\/v2\/posts"}],"about":[{"href":"https:\/\/focotocantinense.com.br\/index.php?rest_route=\/wp\/v2\/types\/post"}],"author":[{"embeddable":true,"href":"https:\/\/focotocantinense.com.br\/index.php?rest_route=\/wp\/v2\/users\/5"}],"replies":[{"embeddable":true,"href":"https:\/\/focotocantinense.com.br\/index.php?rest_route=%2Fwp%2Fv2%2Fcomments&post=1496"}],"version-history":[{"count":2,"href":"https:\/\/focotocantinense.com.br\/index.php?rest_route=\/wp\/v2\/posts\/1496\/revisions"}],"predecessor-version":[{"id":1499,"href":"https:\/\/focotocantinense.com.br\/index.php?rest_route=\/wp\/v2\/posts\/1496\/revisions\/1499"}],"wp:featuredmedia":[{"embeddable":true,"href":"https:\/\/focotocantinense.com.br\/index.php?rest_route=\/wp\/v2\/media\/1498"}],"wp:attachment":[{"href":"https:\/\/focotocantinense.com.br\/index.php?rest_route=%2Fwp%2Fv2%2Fmedia&parent=1496"}],"wp:term":[{"taxonomy":"category","embeddable":true,"href":"https:\/\/focotocantinense.com.br\/index.php?rest_route=%2Fwp%2Fv2%2Fcategories&post=1496"},{"taxonomy":"post_tag","embeddable":true,"href":"https:\/\/focotocantinense.com.br\/index.php?rest_route=%2Fwp%2Fv2%2Ftags&post=1496"}],"curies":[{"name":"wp","href":"https:\/\/api.w.org\/{rel}","templated":true}]}}