{"id":1493,"date":"2021-07-01T09:05:06","date_gmt":"2021-07-01T12:05:06","guid":{"rendered":"http:\/\/focotocantinense.com.br\/?p=1493"},"modified":"2021-07-01T09:05:49","modified_gmt":"2021-07-01T12:05:49","slug":"paulo-albuquerque-publica-artigo-sobre-propaganda-eleitoral-e-direito-a-informacao","status":"publish","type":"post","link":"https:\/\/focotocantinense.com.br\/?p=1493","title":{"rendered":"Paulo Albuquerque publica artigo sobre propaganda eleitoral e direito \u00e0 informa\u00e7\u00e3o"},"content":{"rendered":"\n<p><strong>Por Zacarias Martins<\/strong><\/p>\n\n\n\n<p>O artigo&nbsp;<strong><em>\u2018Propaganda eleitoral e direito \u00e0 informa\u00e7\u00e3o: an\u00e1lise dos discursos de Bolsonaro e Haddad\u2019<\/em><\/strong>&nbsp;do jornalista, advogado e professor gurupiense Paulo Albuquerque, acaba de ser publicado na Revista Cient\u00edfica UniScientiae (volume 2, n\u00ba 2). A publica\u00e7\u00e3o se deu nesta \u00faltima semana de junho de 2021, mas refere-se ao segundo semestre de 2019.<\/p>\n\n\n\n<p>O trabalho de Paulo Albuquerque analisa conte\u00fados veiculados no hor\u00e1rio eleitoral gratuito dos candidatos classificados para o segundo turno nas elei\u00e7\u00f5es ao cargo de presidente da Rep\u00fablica do Brasil em 2018.<\/p>\n\n\n\n<p>O objetivo principal, segundo o autor, \u00e9 identificar diferen\u00e7as elementares entre informa\u00e7\u00e3o e propaganda nas duas campanhas. O vi\u00e9s \u00e9 o direito constitucional \u00e0 informa\u00e7\u00e3o que, segundo Paulo, pela amplitude do conceito, por vezes \u00e9 muito mal compreendido e empregado, tanto pela sociedade quanto pelos operadores do Direito.<\/p>\n\n\n\n<p>No artigo, o autor busca delinear o direito \u00e0 informa\u00e7\u00e3o levando em considera\u00e7\u00e3o a doutrina e a lei, mas observando tamb\u00e9m os fen\u00f4menos comunicacionais da p\u00f3s-modernidade, que acabaram por trazer \u2018mares nunca antes navegados\u2019 para o universo do cidad\u00e3o.<\/p>\n\n\n\n<p>As circunst\u00e2ncias em que a campanha se desenvolveu no ambiente da propaganda; os conte\u00fados utilizados para mostrar o \u2018produto\u2019 ao \u2018consumidor\u2019; os rigores (e humores) da legisla\u00e7\u00e3o eleitoral; a resposta do eleitor a tudo o que viu e ouviu s\u00e3o elementos desafiadores para o estudo.<\/p>\n\n\n\n<p>\u201c\u00c9 importante que pensemos sobre os significados da democracia, que se cristaliza com as elei\u00e7\u00f5es; sobre a garantia constitucional que o cidad\u00e3o tem que se manter informado e o quanto ele mesmo, o cidad\u00e3o, interefe nas elei\u00e7\u00f5es enquanto produtor de conte\u00fados\u201d, acentua o professor.<\/p>\n\n\n\n<p>Mas, os conte\u00fados veiculados no hor\u00e1rio eleitoral gratuito contribuem para assegurar ao eleitor o direito constitucional?<\/p>\n\n\n\n<p>Ao final, o artigo conclui que as equipes de publicidade podem n\u00e3o estar mais determinando a vontade do eleitor pelos canais de comunica\u00e7\u00e3o tradicionais; e que, al\u00e9m de estabelecer as regras, a lei eleitoral precisa centrar esfor\u00e7os na fiscaliza\u00e7\u00e3o contra a desinforma\u00e7\u00e3o e a propaganda enganosa do denominado marketing eleitoral.<\/p>\n\n\n\n<p>A Revista Cient\u00edfica UniScientiae \u00e9 um projeto editorial do Centro Universit\u00e1rio de Vi\u00e7osa \u2013 UNIVI\u00c7OSA, de ra\u00edz multidisciplinar destinado a publica\u00e7\u00f5es referentes \u00e0s Humanidades, Ci\u00eancias Exatas e Sa\u00fade com especial \u00eanfase em originalidade e relev\u00e2ncia cient\u00edfica.<\/p>\n\n\n\n<figure class=\"wp-block-image\"><img decoding=\"async\" src=\"https:\/\/www.n1to.com.br\/img\/cache\/800x400\/80\/crop\/Imagem-febe96c6411446a09b5ca8c722235de6.jpg\" alt=\"\"\/><\/figure>\n","protected":false},"excerpt":{"rendered":"<p>Por Zacarias Martins O artigo&nbsp;\u2018Propaganda eleitoral e direito \u00e0 informa\u00e7\u00e3o: an\u00e1lise dos discursos de Bolsonaro e Haddad\u2019&nbsp;do jornalista, advogado e professor gurupiense Paulo Albuquerque, acaba de ser publicado na Revista Cient\u00edfica UniScientiae (volume 2, n\u00ba 2). A publica\u00e7\u00e3o se deu nesta \u00faltima semana de junho de 2021, mas refere-se ao segundo semestre de 2019. O &hellip;<\/p>\n","protected":false},"author":5,"featured_media":1495,"comment_status":"open","ping_status":"open","sticky":false,"template":"","format":"standard","meta":{"footnotes":""},"categories":[1],"tags":[],"class_list":["post-1493","post","type-post","status-publish","format-standard","has-post-thumbnail","","category-sem-categoria"],"_links":{"self":[{"href":"https:\/\/focotocantinense.com.br\/index.php?rest_route=\/wp\/v2\/posts\/1493","targetHints":{"allow":["GET"]}}],"collection":[{"href":"https:\/\/focotocantinense.com.br\/index.php?rest_route=\/wp\/v2\/posts"}],"about":[{"href":"https:\/\/focotocantinense.com.br\/index.php?rest_route=\/wp\/v2\/types\/post"}],"author":[{"embeddable":true,"href":"https:\/\/focotocantinense.com.br\/index.php?rest_route=\/wp\/v2\/users\/5"}],"replies":[{"embeddable":true,"href":"https:\/\/focotocantinense.com.br\/index.php?rest_route=%2Fwp%2Fv2%2Fcomments&post=1493"}],"version-history":[{"count":1,"href":"https:\/\/focotocantinense.com.br\/index.php?rest_route=\/wp\/v2\/posts\/1493\/revisions"}],"predecessor-version":[{"id":1494,"href":"https:\/\/focotocantinense.com.br\/index.php?rest_route=\/wp\/v2\/posts\/1493\/revisions\/1494"}],"wp:featuredmedia":[{"embeddable":true,"href":"https:\/\/focotocantinense.com.br\/index.php?rest_route=\/wp\/v2\/media\/1495"}],"wp:attachment":[{"href":"https:\/\/focotocantinense.com.br\/index.php?rest_route=%2Fwp%2Fv2%2Fmedia&parent=1493"}],"wp:term":[{"taxonomy":"category","embeddable":true,"href":"https:\/\/focotocantinense.com.br\/index.php?rest_route=%2Fwp%2Fv2%2Fcategories&post=1493"},{"taxonomy":"post_tag","embeddable":true,"href":"https:\/\/focotocantinense.com.br\/index.php?rest_route=%2Fwp%2Fv2%2Ftags&post=1493"}],"curies":[{"name":"wp","href":"https:\/\/api.w.org\/{rel}","templated":true}]}}