{"id":1488,"date":"2021-06-30T16:50:05","date_gmt":"2021-06-30T19:50:05","guid":{"rendered":"http:\/\/focotocantinense.com.br\/?p=1488"},"modified":"2021-06-30T16:53:35","modified_gmt":"2021-06-30T19:53:35","slug":"canal-digital-da-tv-assembleia-e-lancado-em-paraiso-do-tocantins","status":"publish","type":"post","link":"https:\/\/focotocantinense.com.br\/?p=1488","title":{"rendered":"Canal digital da TV Assembleia \u00e9 lan\u00e7ado em Para\u00edso do Tocantins"},"content":{"rendered":"\n<p>O presidente da Assembleia Legislativa do Tocantins (Aleto), Antonio Andrade (sem partido), realizou nessa ter\u00e7a-feira, dia 29, em Para\u00edso do Tocantins, o lan\u00e7amento do canal digital 5.2 HD da TV Assembleia e do canal 5.3 HD TVE Unitins.<\/p>\n\n\n\n<p>Marcada pela assinatura do termo de coopera\u00e7\u00e3o t\u00e9cnica entre a Aleto e a Prefeitura Municipal, a solenidade contou com a presen\u00e7a do vice-governador Wanderlei Barbosa (sem partido), da diretora do Campus da Unitins, K\u00eania Paulino de Queiroz, do promotor de Justi\u00e7a, Rodrigo Borges, do presidente da C\u00e2mara Municipal de Para\u00edso, Jo\u00e3o Camargo (MDB), e demais vereadores, parlamentares e secret\u00e1rios municipais.<\/p>\n\n\n\n<p>A parceria tem como objetivo divulgar, na programa\u00e7\u00e3o do canal da TV Assembleia, conte\u00fados informativos produzidos pela Prefeitura Municipal de Para\u00edso ou veiculados em seus canais oficiais de comunica\u00e7\u00e3o, como site e redes sociais. De forma simples, apenas com uma antena externa local, o morador de Para\u00edso obter\u00e1 acesso a informa\u00e7\u00f5es sobre as atividades parlamentares, al\u00e9m de programa\u00e7\u00e3o educativa e de interesse do cidad\u00e3o.<\/p>\n\n\n\n<p>Para o prefeito de Para\u00edso, Celso Morais (MDB), a TV Assembleia \u00e9 ferramenta importante para a divulga\u00e7\u00e3o das a\u00e7\u00f5es que beneficiam a comunidade. \u201cTemos certeza de que aproveitaremos da melhor forma esse canal de comunica\u00e7\u00e3o, a fim de ampliar o acesso \u00e0s informa\u00e7\u00f5es, promover uma pol\u00edtica transparente e divulgar o que \u00e9 bom para nossa popula\u00e7\u00e3o\u201d, concluiu.<\/p>\n\n\n\n<figure class=\"wp-block-image\"><img decoding=\"async\" src=\"https:\/\/conexaoto.com.br\/image\/116932_350x210_width.jpg\" alt=\"\"\/><\/figure>\n","protected":false},"excerpt":{"rendered":"<p>O presidente da Assembleia Legislativa do Tocantins (Aleto), Antonio Andrade (sem partido), realizou nessa ter\u00e7a-feira, dia 29, em Para\u00edso do Tocantins, o lan\u00e7amento do canal digital 5.2 HD da TV Assembleia e do canal 5.3 HD TVE Unitins. Marcada pela assinatura do termo de coopera\u00e7\u00e3o t\u00e9cnica entre a Aleto e a Prefeitura Municipal, a solenidade &hellip;<\/p>\n","protected":false},"author":5,"featured_media":1492,"comment_status":"open","ping_status":"open","sticky":false,"template":"","format":"standard","meta":{"footnotes":""},"categories":[1],"tags":[],"class_list":["post-1488","post","type-post","status-publish","format-standard","has-post-thumbnail","","category-sem-categoria"],"_links":{"self":[{"href":"https:\/\/focotocantinense.com.br\/index.php?rest_route=\/wp\/v2\/posts\/1488","targetHints":{"allow":["GET"]}}],"collection":[{"href":"https:\/\/focotocantinense.com.br\/index.php?rest_route=\/wp\/v2\/posts"}],"about":[{"href":"https:\/\/focotocantinense.com.br\/index.php?rest_route=\/wp\/v2\/types\/post"}],"author":[{"embeddable":true,"href":"https:\/\/focotocantinense.com.br\/index.php?rest_route=\/wp\/v2\/users\/5"}],"replies":[{"embeddable":true,"href":"https:\/\/focotocantinense.com.br\/index.php?rest_route=%2Fwp%2Fv2%2Fcomments&post=1488"}],"version-history":[{"count":2,"href":"https:\/\/focotocantinense.com.br\/index.php?rest_route=\/wp\/v2\/posts\/1488\/revisions"}],"predecessor-version":[{"id":1491,"href":"https:\/\/focotocantinense.com.br\/index.php?rest_route=\/wp\/v2\/posts\/1488\/revisions\/1491"}],"wp:featuredmedia":[{"embeddable":true,"href":"https:\/\/focotocantinense.com.br\/index.php?rest_route=\/wp\/v2\/media\/1492"}],"wp:attachment":[{"href":"https:\/\/focotocantinense.com.br\/index.php?rest_route=%2Fwp%2Fv2%2Fmedia&parent=1488"}],"wp:term":[{"taxonomy":"category","embeddable":true,"href":"https:\/\/focotocantinense.com.br\/index.php?rest_route=%2Fwp%2Fv2%2Fcategories&post=1488"},{"taxonomy":"post_tag","embeddable":true,"href":"https:\/\/focotocantinense.com.br\/index.php?rest_route=%2Fwp%2Fv2%2Ftags&post=1488"}],"curies":[{"name":"wp","href":"https:\/\/api.w.org\/{rel}","templated":true}]}}