{"id":1485,"date":"2021-06-30T16:41:18","date_gmt":"2021-06-30T19:41:18","guid":{"rendered":"http:\/\/focotocantinense.com.br\/?p=1485"},"modified":"2021-06-30T16:42:10","modified_gmt":"2021-06-30T19:42:10","slug":"parceria-viabiliza-mais-de-r-2-milhoes-para-microempreendedores-de-gurupi","status":"publish","type":"post","link":"https:\/\/focotocantinense.com.br\/?p=1485","title":{"rendered":"Parceria viabiliza mais de R$ 2 milh\u00f5es para microempreendedores de Gurupi"},"content":{"rendered":"\n<p>Na manh\u00e3 desta quarta-feira, 30, a prefeita de Gurupi, Josi Nunes, reuniu-se com representantes do Programa de Microcr\u00e9dito Amaz\u00f4nia Florescer do Banco da Amaz\u00f4nia para discutir sobre a atua\u00e7\u00e3o da Institui\u00e7\u00e3o junto aos microempreendedores assistidos pelo munic\u00edpio.<\/p>\n\n\n\n<p>Conforme o gerente do programa, Edson Souza, a reuni\u00e3o foi para consolidar a parceria e apresentar os n\u00fameros positivos, pois neste primeiro semestre mais R$ 2 milh\u00f5es foram aplicados e mais de 780 empreendedores formais e informais atendidos s\u00f3 em Gurupi \u201cEstamos aqui hoje para tra\u00e7ar estrat\u00e9gias para o pr\u00f3ximo semestre, novas a\u00e7\u00f5es para tentar atingir cada vez mais empreendedores. Nesse momento de pandemia \u00e9 muito importante os empreendedores contarem com um cr\u00e9dito facilitado\u201d, destacou.<\/p>\n\n\n\n<p>A auxiliar de microfinan\u00e7as da Amaz\u00f4nia Florescer, Janaina Fernandes, explicou que nessa parceria do Banco da Amaz\u00f4nia com as Prefeituras para investimentos aos microempreendedores, o cr\u00e9dito varia entre R$ 300 a R$ 21 mil reais. Pode ser beneficiada qualquer pessoa que tenha empreendido, como um vendedor de salgados, manicure ou um dono de loja que fatura at\u00e9 R$ 300 mil ao ano. Todos esses empreendedores est\u00e3o enquadrados para pegar o empr\u00e9stimo com taxas de juros m\u00ednimas e parcelamento entre 06 e 12 meses.<\/p>\n\n\n\n<p>A pessoa que interessar em contrair o empr\u00e9stimo, deve procurar a ag\u00eancia, no Centro de Conven\u00e7\u00f5es Mauro Cunha, apresentar os documentos pessoais, e ter, no m\u00ednimo, seis meses de empreendimento. O primeiro pagamento tem at\u00e9 45 dias para ser realizado e o restante do empr\u00e9stimo pode ser quitado entre 6 e 12 meses.<\/p>\n\n\n\n<p>A Diretora de Ind\u00fastria e Com\u00e9rcio de Gurupi, Daniela Vitorino, destacou que essa parceria \u00e9 importante para quem est\u00e1 iniciando um neg\u00f3cio. Ela explica que a Prefeitura cedeu um espa\u00e7o no Centro de Conven\u00e7\u00f5es Mauro Cunha para instala\u00e7\u00e3o da institui\u00e7\u00e3o e tamb\u00e9m informa \u00e0s pessoas que procuram a Diretoria de Ind\u00fastria e Com\u00e9rcio e a Sala do Empreendedor, que caso precisem, podem contar com esse cr\u00e9dito.<\/p>\n\n\n\n<p>O microempreendedor, Leonardo Magalh\u00e3es, que trabalha no ramo de bebidas, buscou o aux\u00edlio financeiro da Institui\u00e7\u00e3o de cr\u00e9dito. Ele disse que a oportunidade de pegar o empr\u00e9stimo com juros bem baixos ajudou bastante na amplia\u00e7\u00e3o do empreendimento.<\/p>\n\n\n\n<p>A Prefeita Josi Nunes destacou que a gest\u00e3o quer ajudar a criar a cultura do empreendedorismo e focar no pequeno empreendedor e para isso a Prefeitura conta com a Sala do Empreendedor, que presta todo aux\u00edlio. Comentou que a partir do momento que a pessoa abre o pequeno neg\u00f3cio, muitas vezes, precisa de um cr\u00e9dito para investimento e o Basa faz esse trabalho em parceria com a Prefeitura. \u201cEsse trabalho \u00e9 fundamental, principalmente, neste per\u00edodo de pandemia em que muitas pessoas procuraram novas alternativas para gerar renda e nada melhor do que empreender\u201d, destacou.&nbsp;&nbsp;<\/p>\n\n\n\n<p><strong>Amaz\u00f4nia Florescer<\/strong><\/p>\n\n\n\n<p>A unidade de micro finan\u00e7as foi instalada em fevereiro de 2021, onde atendeu at\u00e9 o momento 782 microempreendedores formais e informais, liberando at\u00e9 o momento R$ 2.045.000.00 em Gurupi. Neste m\u00eas de junho foi batido mais um recorde de aplica\u00e7\u00e3o, na ordem de R$ 430.000.00 e mais de 110 microempreendedores atendidos.<\/p>\n\n\n\n<p>O objetivo \u00e9 chegar a R$ 5 milh\u00f5es aplicados at\u00e9 o final de 2021, com mais de 2000 microempreendedores atendidos. O gerente da unidade, Edson Rodrigues, considera que a parceria com a prefeitura de Gurupi tem sido de suma import\u00e2ncia para poder alcan\u00e7ar estes n\u00fameros. E ressalta que neste momento de pandemia o microcr\u00e9dito vem dar um f\u00f4lego ao microempreendedorismo.<\/p>\n\n\n\n<figure class=\"wp-block-image\"><img decoding=\"async\" src=\"https:\/\/www.n1to.com.br\/img\/cache\/800x400\/80\/crop\/Imagem-7e4ce65918c2becaccfc0f1d5fd3ce48.jpg\" alt=\"\"\/><\/figure>\n","protected":false},"excerpt":{"rendered":"<p>Na manh\u00e3 desta quarta-feira, 30, a prefeita de Gurupi, Josi Nunes, reuniu-se com representantes do Programa de Microcr\u00e9dito Amaz\u00f4nia Florescer do Banco da Amaz\u00f4nia para discutir sobre a atua\u00e7\u00e3o da Institui\u00e7\u00e3o junto aos microempreendedores assistidos pelo munic\u00edpio. Conforme o gerente do programa, Edson Souza, a reuni\u00e3o foi para consolidar a parceria e apresentar os n\u00fameros &hellip;<\/p>\n","protected":false},"author":5,"featured_media":1487,"comment_status":"open","ping_status":"open","sticky":false,"template":"","format":"standard","meta":{"footnotes":""},"categories":[1],"tags":[],"class_list":["post-1485","post","type-post","status-publish","format-standard","has-post-thumbnail","","category-sem-categoria"],"_links":{"self":[{"href":"https:\/\/focotocantinense.com.br\/index.php?rest_route=\/wp\/v2\/posts\/1485","targetHints":{"allow":["GET"]}}],"collection":[{"href":"https:\/\/focotocantinense.com.br\/index.php?rest_route=\/wp\/v2\/posts"}],"about":[{"href":"https:\/\/focotocantinense.com.br\/index.php?rest_route=\/wp\/v2\/types\/post"}],"author":[{"embeddable":true,"href":"https:\/\/focotocantinense.com.br\/index.php?rest_route=\/wp\/v2\/users\/5"}],"replies":[{"embeddable":true,"href":"https:\/\/focotocantinense.com.br\/index.php?rest_route=%2Fwp%2Fv2%2Fcomments&post=1485"}],"version-history":[{"count":1,"href":"https:\/\/focotocantinense.com.br\/index.php?rest_route=\/wp\/v2\/posts\/1485\/revisions"}],"predecessor-version":[{"id":1486,"href":"https:\/\/focotocantinense.com.br\/index.php?rest_route=\/wp\/v2\/posts\/1485\/revisions\/1486"}],"wp:featuredmedia":[{"embeddable":true,"href":"https:\/\/focotocantinense.com.br\/index.php?rest_route=\/wp\/v2\/media\/1487"}],"wp:attachment":[{"href":"https:\/\/focotocantinense.com.br\/index.php?rest_route=%2Fwp%2Fv2%2Fmedia&parent=1485"}],"wp:term":[{"taxonomy":"category","embeddable":true,"href":"https:\/\/focotocantinense.com.br\/index.php?rest_route=%2Fwp%2Fv2%2Fcategories&post=1485"},{"taxonomy":"post_tag","embeddable":true,"href":"https:\/\/focotocantinense.com.br\/index.php?rest_route=%2Fwp%2Fv2%2Ftags&post=1485"}],"curies":[{"name":"wp","href":"https:\/\/api.w.org\/{rel}","templated":true}]}}