{"id":1470,"date":"2021-06-26T12:02:54","date_gmt":"2021-06-26T15:02:54","guid":{"rendered":"http:\/\/focotocantinense.com.br\/?p=1470"},"modified":"2021-06-26T12:03:46","modified_gmt":"2021-06-26T15:03:46","slug":"sebrae-e-faciet-lancam-programa-empreender-no-tocantins","status":"publish","type":"post","link":"https:\/\/focotocantinense.com.br\/?p=1470","title":{"rendered":"Sebrae e Faciet lan\u00e7am Programa Empreender no Tocantins"},"content":{"rendered":"\n<p>Na tarde de sexta-feira, 25, em cerim\u00f4nia on-line, o Sebrae Tocantins e a Federa\u00e7\u00e3o das Associa\u00e7\u00f5es Comerciais e Empresariais do Estado do Tocantins (Faciet) lan\u00e7aram o Programa Empreender.&nbsp; Com objetivo de ampliar a competitividade e produtividade das micro e pequenas empresas, o programa que atuar\u00e1 at\u00e9 novembro de 2022, tamb\u00e9m busca mostrar aos empres\u00e1rios a import\u00e2ncia do associativismo.<\/p>\n\n\n\n<p>O Empreender Tocantins \u00e9 uma oportunidade para os empres\u00e1rios buscarem solu\u00e7\u00f5es conjuntas para problemas que s\u00e3o comuns. O empres\u00e1rio que aderir ao programa receber\u00e1 consultorias, capacita\u00e7\u00e3o dos empres\u00e1rios e dos seus colaboradores, acesso a estudo de mercado, presen\u00e7a nas m\u00eddias digitais, entre outras atividades, que podem ser de forma remota ou presencial.<\/p>\n\n\n\n<p>Para o presidente da Faciet, Fabiano do Vale, o atual cen\u00e1rio do Tocantins imp\u00f5e a emerg\u00eancia de uma agenda de retomada das vendas e recupera\u00e7\u00e3o do faturamento. \u201cA parceria da Faciet com o Sebrae sempre rende bons frutos e esta nova a\u00e7\u00e3o ser\u00e1 um grande sucesso na promo\u00e7\u00e3o de um ambiente favor\u00e1vel ao pequeno neg\u00f3cio\u201d, destacou.<\/p>\n\n\n\n<p>Segundo o presidente do Conselho Deliberativo do Sebrae, Rog\u00e9rio Ramos, a pandemia trouxe muitos problemas para o empres\u00e1rio, mas o Sebrae e os parceiros est\u00e3o sempre na busca de programas que possam contribuir para elevar a competitividade e a produtividade dos pequenos neg\u00f3cios. \u201cEntendemos que o associativismo \u00e9 um mecanismo leg\u00edtimo, que incentiva os empres\u00e1rios a se desenvolverem de forma conjunta. Atrav\u00e9s do Empreender conseguiremos chegar de forma r\u00e1pida junto a esses empres\u00e1rios e, assim, auxili\u00e1-los como pudermos\u201d, pontuou.<\/p>\n\n\n\n<p>O superintendente do Sebrae Tocantins, Mois\u00e9s Gomes, ressalta que o programa \u00e9 uma das muitas medidas que a institui\u00e7\u00e3o oferece para ajudar os pequenos neg\u00f3cios a sanarem seus problemas. \u201cO empreendedor precisa desse tipo de apoio para se recuperar gradativamente da crise econ\u00f4mica pela qual estamos passando. \u00c9 um orgulho para n\u00f3s, ver que o Sebrae e a Faciet est\u00e3o trabalhando de m\u00e3os dadas nesse processo de retomada da economia&#8221;,&nbsp;<\/p>\n\n\n\n<figure class=\"wp-block-image\"><img decoding=\"async\" src=\"https:\/\/www.n1to.com.br\/img\/cache\/800x400\/80\/crop\/Imagem-81525d351793cea47e0e4f2a5c254b55.jpg\" alt=\"\"\/><\/figure>\n","protected":false},"excerpt":{"rendered":"<p>Na tarde de sexta-feira, 25, em cerim\u00f4nia on-line, o Sebrae Tocantins e a Federa\u00e7\u00e3o das Associa\u00e7\u00f5es Comerciais e Empresariais do Estado do Tocantins (Faciet) lan\u00e7aram o Programa Empreender.&nbsp; Com objetivo de ampliar a competitividade e produtividade das micro e pequenas empresas, o programa que atuar\u00e1 at\u00e9 novembro de 2022, tamb\u00e9m busca mostrar aos empres\u00e1rios a &hellip;<\/p>\n","protected":false},"author":5,"featured_media":1472,"comment_status":"open","ping_status":"open","sticky":false,"template":"","format":"standard","meta":{"footnotes":""},"categories":[1],"tags":[],"class_list":["post-1470","post","type-post","status-publish","format-standard","has-post-thumbnail","","category-sem-categoria"],"_links":{"self":[{"href":"https:\/\/focotocantinense.com.br\/index.php?rest_route=\/wp\/v2\/posts\/1470","targetHints":{"allow":["GET"]}}],"collection":[{"href":"https:\/\/focotocantinense.com.br\/index.php?rest_route=\/wp\/v2\/posts"}],"about":[{"href":"https:\/\/focotocantinense.com.br\/index.php?rest_route=\/wp\/v2\/types\/post"}],"author":[{"embeddable":true,"href":"https:\/\/focotocantinense.com.br\/index.php?rest_route=\/wp\/v2\/users\/5"}],"replies":[{"embeddable":true,"href":"https:\/\/focotocantinense.com.br\/index.php?rest_route=%2Fwp%2Fv2%2Fcomments&post=1470"}],"version-history":[{"count":2,"href":"https:\/\/focotocantinense.com.br\/index.php?rest_route=\/wp\/v2\/posts\/1470\/revisions"}],"predecessor-version":[{"id":1473,"href":"https:\/\/focotocantinense.com.br\/index.php?rest_route=\/wp\/v2\/posts\/1470\/revisions\/1473"}],"wp:featuredmedia":[{"embeddable":true,"href":"https:\/\/focotocantinense.com.br\/index.php?rest_route=\/wp\/v2\/media\/1472"}],"wp:attachment":[{"href":"https:\/\/focotocantinense.com.br\/index.php?rest_route=%2Fwp%2Fv2%2Fmedia&parent=1470"}],"wp:term":[{"taxonomy":"category","embeddable":true,"href":"https:\/\/focotocantinense.com.br\/index.php?rest_route=%2Fwp%2Fv2%2Fcategories&post=1470"},{"taxonomy":"post_tag","embeddable":true,"href":"https:\/\/focotocantinense.com.br\/index.php?rest_route=%2Fwp%2Fv2%2Ftags&post=1470"}],"curies":[{"name":"wp","href":"https:\/\/api.w.org\/{rel}","templated":true}]}}