{"id":1465,"date":"2021-06-24T20:42:54","date_gmt":"2021-06-24T23:42:54","guid":{"rendered":"http:\/\/focotocantinense.com.br\/?p=1465"},"modified":"2021-06-24T20:44:28","modified_gmt":"2021-06-24T23:44:28","slug":"prefeita-josi-nunes-atende-requerimento-do-vereador-jair-do-povo-e-coloca-funcionamento-os-atendimentos-no-ceo-em-gurupi","status":"publish","type":"post","link":"https:\/\/focotocantinense.com.br\/?p=1465","title":{"rendered":"Prefeita Josi Nunes atende requerimento do vereador Jair do Povo e coloca funcionamento os atendimentos no CEO em Gurupi"},"content":{"rendered":"\n<p><br>Gurupi&nbsp; passa a contar com o Centro Especialidades Odontol\u00f3gica (CEO). A prefeita Josi Nunes, atendendo&nbsp; a um requerimento do vereador Jair do Povo (Pros), lan\u00e7ou, oficialmente, na manh\u00e3 desta quinta-feira (24) o atendimento especializado&nbsp; \u00e0 popula\u00e7\u00e3o.<\/p>\n\n\n\n<p>No requerimento protocolado no m\u00eas de maio &nbsp;e que havia sido aprovado por unanimidade na C\u00e2mara Municipal de Gurupi, &nbsp;o vereador solicitava o empenho da&nbsp; prefeita Josi Nunes&nbsp; para que os servi\u00e7os especializados em odontologia fossem &nbsp;disponibilizado aos gurupiense, uma vez que o pr\u00e9dio em que funciona o CEO j\u00e1 estava pronto para uso.<\/p>\n\n\n\n<p>O CEO \u00e9 um local que&nbsp; oferece v\u00e1rias especialidades para tratamento da&nbsp; sa\u00fade&nbsp; bucal entre eles o tratamento preventivo de diversas doen\u00e7as principalmente o c\u00e2ncer de boca.<\/p>\n\n\n\n<p>A prefeita Josi Nunes foi \u00e0 autora quando era Deputada Federal do pedido do recurso no valor&nbsp; de 1milh\u00e3o e quatrocentos mil destinado a Gurupi que possibilitou a gest\u00e3o anterior&nbsp; a constru\u00e7\u00e3o da estrutura e agora, como prefeita teve a oportunidade de reinaugurar o Centro de Especialidades Odontol\u00f3gicas (CEO) situada em novo local.<br>A prefeita Josi Nunes falou da sua felicidade em poder proporcionar \u00e0 comunidade esse tratamento completo. \u201cEstamos retomando os servi\u00e7os, a obra foi inaugurada no ano passado, foi feita pela gest\u00e3o anterior, mas \u00e9 fruto de uma emenda destinada quando eu fui deputada federal. Isso \u00e9 uma felicidade dupla, em raz\u00e3o do servi\u00e7o que ser\u00e1 prestado \u00e0 comunidade. A nossa comunidade agora pode completar seus tratamentos odontol\u00f3gicos aqui mesmo em Gurupi. O ciclo do tratamento agora est\u00e1 completo. E n\u00f3s queremos dar essa oportunidade aos munic\u00edpios vizinhos. \u00c9 uma obra de grande porte, que pode atender a outras cidades que n\u00e3o possuem esses servi\u00e7os. \u00c9 muita alegria ver que a comunidade poder\u00e1 usufruir de um servi\u00e7o mais amplo e de qualidade\u201d, declarou.<\/p>\n\n\n\n<p>O vereador Jair do Povo aproveitou para agradecer \u00e0 prefeita Josi Nunes pelo empenho em colocar em funcionamento o Centro Especialidades Odontol\u00f3gica, ressaltando que essa nova unidade de sa\u00fade trar\u00e1 grandes benef\u00edcios \u00e0 popula\u00e7\u00e3o gurupiense, principalmente, \u00e0quelas pessoa que n\u00e3o t\u00eam condi\u00e7\u00f5es de arcar com as despesas de um tratamento odontol\u00f3gico especializado.<\/p>\n\n\n\n<p><strong>Atendimentos na Pandemia<\/strong><\/p>\n\n\n\n<p>Os atendimentos durante a pandemia, al\u00e9m de serem referenciados, foram reduzidos para n\u00e3o gerar aglomera\u00e7\u00f5es durante a pandemia. Est\u00e3o sendo realizados por meio de agendamento, com um n\u00famero m\u00ednimo de pacientes para cada especialidade. Concomitante a essa organiza\u00e7\u00e3o, todas as orienta\u00e7\u00f5es de preven\u00e7\u00e3o e seguran\u00e7a em sa\u00fade contra a Covid-19, dadas pelo Minist\u00e9rio da Sa\u00fade (MS) est\u00e3o sendo seguidas.<br>&nbsp;<br>O hor\u00e1rio de funcionamento do CEO \u00e9 de segunda a sexta-feira, das 7 \u00e0s 11 horas e das 13 \u00e0s 17 horas. O telefone para agendamento e mais informa\u00e7\u00f5es \u00e9 o (63) 3312-6812.<br>&nbsp;<br>Os atendimentos do CEO foram suspensos em mar\u00e7o de 2020, em raz\u00e3o da pandemia, e eram realizados onde atualmente funciona o Centro de Triagem Covid-19.<br><br><strong>Estrutura<\/strong><br>O novo pr\u00e9dio do CEO Ord\u00e1lia Vendramini Campos fica na Rua I, Qd 43, Lt. 04, Setor Uni\u00e3o V (em frente \u00e0 USB do St. Casego), conta com 679,87m\u00b2 de \u00e1rea constru\u00edda. A unidade possui seis consult\u00f3rios equipados, escov\u00f3dromo, sala de esteriliza\u00e7\u00e3o, recep\u00e7\u00e3o, \u00e1rea de servi\u00e7o, copa, sala administrativa, sala de reuni\u00f5es, espa\u00e7o para palestras e banheiros.<\/p>\n\n\n\n<figure class=\"wp-block-image\"><img decoding=\"async\" src=\"http:\/\/n1to.com.br\/img\/uploads\/JAIR_SOUZA_OK.jpg\" alt=\"\"\/><figcaption><em><strong>O vereador Jair do Povo fez gest\u00f5es para que o CEO entrasse em funcionamento, atendendo assim, a uma justa e oportuna reivindica\u00e7\u00e3o da popula\u00e7\u00e3o gurupiense.<\/strong><\/em><\/figcaption><\/figure>\n\n\n\n<p><\/p>\n","protected":false},"excerpt":{"rendered":"<p>Gurupi&nbsp; passa a contar com o Centro Especialidades Odontol\u00f3gica (CEO). A prefeita Josi Nunes, atendendo&nbsp; a um requerimento do vereador Jair do Povo (Pros), lan\u00e7ou, oficialmente, na manh\u00e3 desta quinta-feira (24) o atendimento especializado&nbsp; \u00e0 popula\u00e7\u00e3o. No requerimento protocolado no m\u00eas de maio &nbsp;e que havia sido aprovado por unanimidade na C\u00e2mara Municipal de Gurupi, &hellip;<\/p>\n","protected":false},"author":5,"featured_media":1468,"comment_status":"open","ping_status":"open","sticky":false,"template":"","format":"standard","meta":{"footnotes":""},"categories":[1],"tags":[],"class_list":["post-1465","post","type-post","status-publish","format-standard","has-post-thumbnail","","category-sem-categoria"],"_links":{"self":[{"href":"https:\/\/focotocantinense.com.br\/index.php?rest_route=\/wp\/v2\/posts\/1465","targetHints":{"allow":["GET"]}}],"collection":[{"href":"https:\/\/focotocantinense.com.br\/index.php?rest_route=\/wp\/v2\/posts"}],"about":[{"href":"https:\/\/focotocantinense.com.br\/index.php?rest_route=\/wp\/v2\/types\/post"}],"author":[{"embeddable":true,"href":"https:\/\/focotocantinense.com.br\/index.php?rest_route=\/wp\/v2\/users\/5"}],"replies":[{"embeddable":true,"href":"https:\/\/focotocantinense.com.br\/index.php?rest_route=%2Fwp%2Fv2%2Fcomments&post=1465"}],"version-history":[{"count":3,"href":"https:\/\/focotocantinense.com.br\/index.php?rest_route=\/wp\/v2\/posts\/1465\/revisions"}],"predecessor-version":[{"id":1469,"href":"https:\/\/focotocantinense.com.br\/index.php?rest_route=\/wp\/v2\/posts\/1465\/revisions\/1469"}],"wp:featuredmedia":[{"embeddable":true,"href":"https:\/\/focotocantinense.com.br\/index.php?rest_route=\/wp\/v2\/media\/1468"}],"wp:attachment":[{"href":"https:\/\/focotocantinense.com.br\/index.php?rest_route=%2Fwp%2Fv2%2Fmedia&parent=1465"}],"wp:term":[{"taxonomy":"category","embeddable":true,"href":"https:\/\/focotocantinense.com.br\/index.php?rest_route=%2Fwp%2Fv2%2Fcategories&post=1465"},{"taxonomy":"post_tag","embeddable":true,"href":"https:\/\/focotocantinense.com.br\/index.php?rest_route=%2Fwp%2Fv2%2Ftags&post=1465"}],"curies":[{"name":"wp","href":"https:\/\/api.w.org\/{rel}","templated":true}]}}