{"id":1459,"date":"2021-06-24T20:28:19","date_gmt":"2021-06-24T23:28:19","guid":{"rendered":"http:\/\/focotocantinense.com.br\/?p=1459"},"modified":"2021-06-24T20:39:39","modified_gmt":"2021-06-24T23:39:39","slug":"prefeitura-de-gurupi-investe-em-capacitacoes-para-alavancar-educacao-basica","status":"publish","type":"post","link":"https:\/\/focotocantinense.com.br\/?p=1459","title":{"rendered":"Prefeitura de Gurupi investe em capacita\u00e7\u00f5es para alavancar educa\u00e7\u00e3o b\u00e1sica"},"content":{"rendered":"\n<p>Nesta quarta-feira, 23, a Prefeitura de Gurupi, por meio da Secretaria Municipal da Educa\u00e7\u00e3o, deu in\u00edcio a terceira etapa de forma\u00e7\u00e3o de servidores e professores. Seguindo um cronograma dividido em oito blocos a pasta vai qualificar 1.400 servidores da Educa\u00e7\u00e3o atrav\u00e9s de cursos, treinamentos e semin\u00e1rios em ambiente virtual. &nbsp;&nbsp;<\/p>\n\n\n\n<p>Segundo o chefe de gabinete da Secretaria Municipal da Educa\u00e7\u00e3o de Gurupi (SEMEG), Jhonata Moreira, a oferta das forma\u00e7\u00f5es continuadas foi uma demanda apresentada pelas escolas da rede durante o levantamento feito para elabora\u00e7\u00e3o em conjunto do Planejamento Estrat\u00e9gico SEMEG 2021\/2024. Esse planejamento est\u00e1 relacionado ao Plano Municipal de Educa\u00e7\u00e3o e \u00e9 base para o Plano Plurianual (PPA) do munic\u00edpio de Gurupi. \u201cA forma\u00e7\u00e3o continuada \u00e9 essencial para melhoria de qualquer processo de ensino-aprendizagem\u201d, defendeu Moreira.<\/p>\n\n\n\n<p>Para conseguir um salto de qualidade na presta\u00e7\u00e3o do servi\u00e7o p\u00fablico pelos profissionais desta \u00e1rea, o munic\u00edpio est\u00e1 investindo em m\u00e9dia R$500 por servidor, e estes receber\u00e3o certificado ao final dos cursos. \u201cEssas forma\u00e7\u00f5es est\u00e3o trazendo uma s\u00e9rie de benef\u00edcios desde a qualidade do conte\u00fado ministrado, como profissionais mais produtivos e atentos aos avan\u00e7os das suas \u00e1reas, seja ele um professor, merendeira, ou t\u00e9cnico administrativo da Secretaria. Um professor 100% capacitado vai compreender melhor sobre os processos e mudan\u00e7as do ensino e aprendizagem e o resultado \u00e9 um aluno mais engajado compreendendo que a\u00e7\u00f5es do professor s\u00e3o mais atualizadas e em sintonia com o novo contexto do s\u00e9culo XXI\u201d, explicou.<\/p>\n\n\n\n<p>Ainda de acordo com Moreira, todos os palestrantes s\u00e3o profissionais renomados e com larga experi\u00eancia nas suas respectivas \u00e1reas de atua\u00e7\u00e3o, entre os quais membros do Conselho Nacional de Educa\u00e7\u00e3o, representantes de grandes empresas multinacionais e palestrantes internacionais. A escolha levou em considera\u00e7\u00e3o o reconhecimento dos palestrantes em \u00e2mbito nacional.<\/p>\n\n\n\n<p>\u201cDiante do retorno presencial previsto para o pr\u00f3ximo semestre o professor precisa estar preparado para saber como ele quer que o aluno aprenda, de que forma \u00e9 que o professor deseja que ele se desenvolva. Essa resposta n\u00e3o \u00e9 imediata, \u00e9 um processo que demora, mas n\u00f3s precisamos come\u00e7ar, precisamos fazer. Estamos muito confiantes que no decorrer deste per\u00edodo de aprendizado alcan\u00e7aremos \u00edndices n\u00e3o s\u00f3 quantitativos, mas qualitativos, de melhoria organizacional, satisfa\u00e7\u00e3o interpessoal\u201d. Explicou Amanda Costa, Secret\u00e1ria Municipal da Educa\u00e7\u00e3o. &nbsp;<\/p>\n\n\n\n<p>Em agosto deste ano o cronograma de forma\u00e7\u00f5es continuadas da SEMEG ser\u00e1 retomado com novos semin\u00e1rios e cursos que devem alcan\u00e7ar todos os servidores da Educa\u00e7\u00e3o municipal.&nbsp;&nbsp;<\/p>\n","protected":false},"excerpt":{"rendered":"<p>Nesta quarta-feira, 23, a Prefeitura de Gurupi, por meio da Secretaria Municipal da Educa\u00e7\u00e3o, deu in\u00edcio a terceira etapa de forma\u00e7\u00e3o de servidores e professores. Seguindo um cronograma dividido em oito blocos a pasta vai qualificar 1.400 servidores da Educa\u00e7\u00e3o atrav\u00e9s de cursos, treinamentos e semin\u00e1rios em ambiente virtual. &nbsp;&nbsp; Segundo o chefe de gabinete &hellip;<\/p>\n","protected":false},"author":5,"featured_media":1461,"comment_status":"open","ping_status":"open","sticky":false,"template":"","format":"standard","meta":{"footnotes":""},"categories":[1],"tags":[],"class_list":["post-1459","post","type-post","status-publish","format-standard","has-post-thumbnail","","category-sem-categoria"],"_links":{"self":[{"href":"https:\/\/focotocantinense.com.br\/index.php?rest_route=\/wp\/v2\/posts\/1459","targetHints":{"allow":["GET"]}}],"collection":[{"href":"https:\/\/focotocantinense.com.br\/index.php?rest_route=\/wp\/v2\/posts"}],"about":[{"href":"https:\/\/focotocantinense.com.br\/index.php?rest_route=\/wp\/v2\/types\/post"}],"author":[{"embeddable":true,"href":"https:\/\/focotocantinense.com.br\/index.php?rest_route=\/wp\/v2\/users\/5"}],"replies":[{"embeddable":true,"href":"https:\/\/focotocantinense.com.br\/index.php?rest_route=%2Fwp%2Fv2%2Fcomments&post=1459"}],"version-history":[{"count":1,"href":"https:\/\/focotocantinense.com.br\/index.php?rest_route=\/wp\/v2\/posts\/1459\/revisions"}],"predecessor-version":[{"id":1460,"href":"https:\/\/focotocantinense.com.br\/index.php?rest_route=\/wp\/v2\/posts\/1459\/revisions\/1460"}],"wp:featuredmedia":[{"embeddable":true,"href":"https:\/\/focotocantinense.com.br\/index.php?rest_route=\/wp\/v2\/media\/1461"}],"wp:attachment":[{"href":"https:\/\/focotocantinense.com.br\/index.php?rest_route=%2Fwp%2Fv2%2Fmedia&parent=1459"}],"wp:term":[{"taxonomy":"category","embeddable":true,"href":"https:\/\/focotocantinense.com.br\/index.php?rest_route=%2Fwp%2Fv2%2Fcategories&post=1459"},{"taxonomy":"post_tag","embeddable":true,"href":"https:\/\/focotocantinense.com.br\/index.php?rest_route=%2Fwp%2Fv2%2Ftags&post=1459"}],"curies":[{"name":"wp","href":"https:\/\/api.w.org\/{rel}","templated":true}]}}